{"id":119973,"date":"2018-09-19T14:00:16","date_gmt":"2018-09-19T17:00:16","guid":{"rendered":"https:\/\/diarioregionaldigital.com.br\/?p=119973"},"modified":"2018-09-19T14:00:16","modified_gmt":"2018-09-19T17:00:16","slug":"regulamentacao-de-transporte-individual-de-passageiros-e-lida-em-plenario","status":"publish","type":"post","link":"https:\/\/diarioregionaldigital.com.br\/?p=119973","title":{"rendered":"Regulamenta\u00e7\u00e3o de transporte individual de passageiros \u00e9 lida em plen\u00e1rio"},"content":{"rendered":"<p>A Prefeitura de Juiz de Fora (PJF) enviou \u00e0 C\u00e2mara Municipal Mensagem que disp\u00f5e sobre a regulamenta\u00e7\u00e3o dos servi\u00e7os de transporte de passageiros que realizam viagens individuais ou compartilhadas solicitadas exclusivamente por meio de aplicativos em Juiz de Fora. O projeto de lei segue agora para as comiss\u00f5es permanentes antes de retornar ao plen\u00e1rio para vota\u00e7\u00e3o.<\/p>\n<p>A mensagem afirma que o transporte individual de passageiros operado por meio de aplicativos \u00e9 uma realidade no pa\u00eds, \u201cfato este que refor\u00e7a a necessidade de regulamenta\u00e7\u00e3o para que seja conferida seguran\u00e7a tanto para o usu\u00e1rio quanto para o prestador de servi\u00e7o.\u201d Ainda de acordo com o texto, a proposta apresenta quatro eixos tem\u00e1ticos: mobilidade urbana, prote\u00e7\u00e3o do consumidor, capacidade das vias p\u00fablicas e qualidade do servi\u00e7o.<\/p>\n<p>Por unanimidade, foi decidido pelos vereadores que ser\u00e1 realizada audi\u00eancia p\u00fablica, ainda sem data definida, para discutir a proposta antes da vota\u00e7\u00e3o.<\/p>\n<p>&nbsp;<\/p>\n<p>Fonte: Assessoria C\u00e2mara JF<\/p>\n","protected":false},"excerpt":{"rendered":"<p>A Prefeitura de Juiz de Fora (PJF) enviou \u00e0 C\u00e2mara Municipal Mensagem que disp\u00f5e sobre a regulamenta\u00e7\u00e3o dos servi\u00e7os de transporte de passageiros que realizam viagens individuais ou compartilhadas solicitadas exclusivamente por meio de aplicativos em Juiz de Fora. O projeto de lei segue agora para as comiss\u00f5es permanentes antes de retornar ao plen\u00e1rio para [&hellip;]<\/p>\n","protected":false},"author":96,"featured_media":104946,"comment_status":"closed","ping_status":"closed","sticky":false,"template":"","format":"standard","meta":{"footnotes":""},"categories":[254,439],"tags":[],"class_list":["post-119973","post","type-post","status-publish","format-standard","has-post-thumbnail","hentry","category-politica","category-ultima-hora"],"_links":{"self":[{"href":"https:\/\/diarioregionaldigital.com.br\/index.php?rest_route=\/wp\/v2\/posts\/119973","targetHints":{"allow":["GET"]}}],"collection":[{"href":"https:\/\/diarioregionaldigital.com.br\/index.php?rest_route=\/wp\/v2\/posts"}],"about":[{"href":"https:\/\/diarioregionaldigital.com.br\/index.php?rest_route=\/wp\/v2\/types\/post"}],"author":[{"embeddable":true,"href":"https:\/\/diarioregionaldigital.com.br\/index.php?rest_route=\/wp\/v2\/users\/96"}],"replies":[{"embeddable":true,"href":"https:\/\/diarioregionaldigital.com.br\/index.php?rest_route=%2Fwp%2Fv2%2Fcomments&post=119973"}],"version-history":[{"count":0,"href":"https:\/\/diarioregionaldigital.com.br\/index.php?rest_route=\/wp\/v2\/posts\/119973\/revisions"}],"wp:featuredmedia":[{"embeddable":true,"href":"https:\/\/diarioregionaldigital.com.br\/index.php?rest_route=\/wp\/v2\/media\/104946"}],"wp:attachment":[{"href":"https:\/\/diarioregionaldigital.com.br\/index.php?rest_route=%2Fwp%2Fv2%2Fmedia&parent=119973"}],"wp:term":[{"taxonomy":"category","embeddable":true,"href":"https:\/\/diarioregionaldigital.com.br\/index.php?rest_route=%2Fwp%2Fv2%2Fcategories&post=119973"},{"taxonomy":"post_tag","embeddable":true,"href":"https:\/\/diarioregionaldigital.com.br\/index.php?rest_route=%2Fwp%2Fv2%2Ftags&post=119973"}],"curies":[{"name":"wp","href":"https:\/\/api.w.org\/{rel}","templated":true}]}}