{"id":119970,"date":"2018-09-19T13:41:09","date_gmt":"2018-09-19T16:41:09","guid":{"rendered":"https:\/\/diarioregionaldigital.com.br\/?p=119970"},"modified":"2018-09-19T13:41:09","modified_gmt":"2018-09-19T16:41:09","slug":"pablo-e-ricardo-fazem-show-no-bar-espetto-carioca","status":"publish","type":"post","link":"https:\/\/diarioregionaldigital.com.br\/?p=119970","title":{"rendered":"Pablo e Ricardo fazem show no bar Espetto Carioca"},"content":{"rendered":"<p>No dia 22 de setembro, a dupla Pablo e Ricardo canta no bar Espetto Carioca, no shopping Jardim Norte. H\u00e1 um ano e meio no cen\u00e1rio sertanejo universit\u00e1rio, \u00a0j\u00e1 fizeram\u00a0shows ao lado de nomes da m\u00fasica regional e nacional, como Renan e Christiano, Alan e Alisson, MC Pocahontas e MC Tarapi.\u00a0A\u00a0experi\u00eancia musical vem de longa data. Pablo tem quase\u00a0dez\u00a0anos de carreira sertaneja. Ricardo toca MPB e\u00a0rock na cidade h\u00e1 20 anos.<\/p>\n<p>A dupla acaba de gravar a m\u00fasica\u00a0autoral\u00a0\u201cSe beber n\u00e3o sonhe\u201d, em que cantam a hist\u00f3ria de um rapaz que passou por uma desilus\u00e3o amorosa e decidiu partir para a noite, deixando o sentimento de lado para tentar se esquecer do ex-amor.<\/p>\n<p>Al\u00e9m do sertanejo universit\u00e1rio, Pablo e Ricardo arriscam\u00a0outros ritmos no repert\u00f3rio,\u00a0que inclui\u00a0do sertanejo ao\u00a0rock. Eles se apresentam em Juiz de Fora e cidades pr\u00f3ximas, como\u00a0Ewbanck da C\u00e2mara, Matias Barbosa,\u00a0Ch\u00e1cara\u00a0e\u00a0Torre\u00f5es.\u00a0<wbr \/>Em Santos Dumont\u00a0t\u00eam agenda fixa:\u00a0tocam\u00a0duas vezes\u00a0por\u00a0m\u00eas\u00a0no\u00a0bar \u201cFog\u00e3o de Lenha\u201d,\u00a0point sertanejo da\u00a0cidade.\u00a0Al\u00e9m dos shows, a dupla tamb\u00e9m faz eventos fechados<\/p>\n<p>Fonte: Assessoria<\/p>\n","protected":false},"excerpt":{"rendered":"<p>No dia 22 de setembro, a dupla Pablo e Ricardo canta no bar Espetto Carioca, no shopping Jardim Norte. H\u00e1 um ano e meio no cen\u00e1rio sertanejo universit\u00e1rio, \u00a0j\u00e1 fizeram\u00a0shows ao lado de nomes da m\u00fasica regional e nacional, como Renan e Christiano, Alan e Alisson, MC Pocahontas e MC Tarapi.\u00a0A\u00a0experi\u00eancia musical vem de longa [&hellip;]<\/p>\n","protected":false},"author":96,"featured_media":119971,"comment_status":"closed","ping_status":"closed","sticky":false,"template":"","format":"standard","meta":{"footnotes":""},"categories":[256,436,439],"tags":[],"class_list":["post-119970","post","type-post","status-publish","format-standard","has-post-thumbnail","hentry","category-cultura","category-destaque-da-semana","category-ultima-hora"],"_links":{"self":[{"href":"https:\/\/diarioregionaldigital.com.br\/index.php?rest_route=\/wp\/v2\/posts\/119970","targetHints":{"allow":["GET"]}}],"collection":[{"href":"https:\/\/diarioregionaldigital.com.br\/index.php?rest_route=\/wp\/v2\/posts"}],"about":[{"href":"https:\/\/diarioregionaldigital.com.br\/index.php?rest_route=\/wp\/v2\/types\/post"}],"author":[{"embeddable":true,"href":"https:\/\/diarioregionaldigital.com.br\/index.php?rest_route=\/wp\/v2\/users\/96"}],"replies":[{"embeddable":true,"href":"https:\/\/diarioregionaldigital.com.br\/index.php?rest_route=%2Fwp%2Fv2%2Fcomments&post=119970"}],"version-history":[{"count":0,"href":"https:\/\/diarioregionaldigital.com.br\/index.php?rest_route=\/wp\/v2\/posts\/119970\/revisions"}],"wp:featuredmedia":[{"embeddable":true,"href":"https:\/\/diarioregionaldigital.com.br\/index.php?rest_route=\/wp\/v2\/media\/119971"}],"wp:attachment":[{"href":"https:\/\/diarioregionaldigital.com.br\/index.php?rest_route=%2Fwp%2Fv2%2Fmedia&parent=119970"}],"wp:term":[{"taxonomy":"category","embeddable":true,"href":"https:\/\/diarioregionaldigital.com.br\/index.php?rest_route=%2Fwp%2Fv2%2Fcategories&post=119970"},{"taxonomy":"post_tag","embeddable":true,"href":"https:\/\/diarioregionaldigital.com.br\/index.php?rest_route=%2Fwp%2Fv2%2Ftags&post=119970"}],"curies":[{"name":"wp","href":"https:\/\/api.w.org\/{rel}","templated":true}]}}