{"id":119967,"date":"2018-09-19T13:21:47","date_gmt":"2018-09-19T16:21:47","guid":{"rendered":"https:\/\/diarioregionaldigital.com.br\/?p=119967"},"modified":"2018-09-19T13:21:47","modified_gmt":"2018-09-19T16:21:47","slug":"governo-lanca-programa-de-credito-para-hospitais-filantropicos","status":"publish","type":"post","link":"https:\/\/diarioregionaldigital.com.br\/?p=119967","title":{"rendered":"Governo lan\u00e7a programa de cr\u00e9dito para hospitais filantr\u00f3picos"},"content":{"rendered":"<p>Uma resolu\u00e7\u00e3o do Conselho Curador do Fundo de Garantia do Tempo de Servi\u00e7o (FGTS), publicada no Di\u00e1rio Oficial da Uni\u00e3o dessa quarta-feira, 19, aprova o programa de cr\u00e9dito destinado a entidades hospitalares filantr\u00f3picas e sem fins lucrativos participantes do Sistema \u00danico de Sa\u00fade (SUS).<\/p>\n<p>A medida tem, entre outros objetivos, o de possibilitar opera\u00e7\u00f5es de cr\u00e9dito para a reestrutura\u00e7\u00e3o financeira, financiamento de constru\u00e7\u00f5es, amplia\u00e7\u00e3o ou reforma de instala\u00e7\u00f5es, aquisi\u00e7\u00e3o de equipamentos, bens de consumo dur\u00e1veis e de tecnologia de informa\u00e7\u00e3o<\/p>\n<p>As taxas de juros a serem cobradas, por meio da linha de cr\u00e9dito, que conta com recursos do FGTS, ser\u00e1 de 8,66% ao ano.<\/p>\n<p>O acompanhamento da execu\u00e7\u00e3o do programa de cr\u00e9dito ficar\u00e1 a cargo do Minist\u00e9rio da Sa\u00fade, bem como a tarefa de subsidiar o Conselho Curador com estudos t\u00e9cnicos necess\u00e1rios ao seu aprimoramento operacional e definir as metas a serem alcan\u00e7adas.<\/p>\n<p>&nbsp;<\/p>\n<p>Fonte: Ag\u00eancia Brasil<\/p>\n","protected":false},"excerpt":{"rendered":"<p>Uma resolu\u00e7\u00e3o do Conselho Curador do Fundo de Garantia do Tempo de Servi\u00e7o (FGTS), publicada no Di\u00e1rio Oficial da Uni\u00e3o dessa quarta-feira, 19, aprova o programa de cr\u00e9dito destinado a entidades hospitalares filantr\u00f3picas e sem fins lucrativos participantes do Sistema \u00danico de Sa\u00fade (SUS). A medida tem, entre outros objetivos, o de possibilitar opera\u00e7\u00f5es de [&hellip;]<\/p>\n","protected":false},"author":96,"featured_media":119968,"comment_status":"closed","ping_status":"closed","sticky":false,"template":"","format":"standard","meta":{"footnotes":""},"categories":[261,439],"tags":[],"class_list":["post-119967","post","type-post","status-publish","format-standard","has-post-thumbnail","hentry","category-economia","category-ultima-hora"],"_links":{"self":[{"href":"https:\/\/diarioregionaldigital.com.br\/index.php?rest_route=\/wp\/v2\/posts\/119967","targetHints":{"allow":["GET"]}}],"collection":[{"href":"https:\/\/diarioregionaldigital.com.br\/index.php?rest_route=\/wp\/v2\/posts"}],"about":[{"href":"https:\/\/diarioregionaldigital.com.br\/index.php?rest_route=\/wp\/v2\/types\/post"}],"author":[{"embeddable":true,"href":"https:\/\/diarioregionaldigital.com.br\/index.php?rest_route=\/wp\/v2\/users\/96"}],"replies":[{"embeddable":true,"href":"https:\/\/diarioregionaldigital.com.br\/index.php?rest_route=%2Fwp%2Fv2%2Fcomments&post=119967"}],"version-history":[{"count":0,"href":"https:\/\/diarioregionaldigital.com.br\/index.php?rest_route=\/wp\/v2\/posts\/119967\/revisions"}],"wp:featuredmedia":[{"embeddable":true,"href":"https:\/\/diarioregionaldigital.com.br\/index.php?rest_route=\/wp\/v2\/media\/119968"}],"wp:attachment":[{"href":"https:\/\/diarioregionaldigital.com.br\/index.php?rest_route=%2Fwp%2Fv2%2Fmedia&parent=119967"}],"wp:term":[{"taxonomy":"category","embeddable":true,"href":"https:\/\/diarioregionaldigital.com.br\/index.php?rest_route=%2Fwp%2Fv2%2Fcategories&post=119967"},{"taxonomy":"post_tag","embeddable":true,"href":"https:\/\/diarioregionaldigital.com.br\/index.php?rest_route=%2Fwp%2Fv2%2Ftags&post=119967"}],"curies":[{"name":"wp","href":"https:\/\/api.w.org\/{rel}","templated":true}]}}