{"id":119962,"date":"2018-09-19T13:03:30","date_gmt":"2018-09-19T16:03:30","guid":{"rendered":"https:\/\/diarioregionaldigital.com.br\/?p=119962"},"modified":"2018-09-19T13:03:30","modified_gmt":"2018-09-19T16:03:30","slug":"rapaz-de-cataguases-esta-desaparecido-desde-a-tarde-dessa-segunda-feira-17","status":"publish","type":"post","link":"https:\/\/diarioregionaldigital.com.br\/?p=119962","title":{"rendered":"Rapaz de Cataguases est\u00e1 desaparecido desde a tarde dessa segunda-feira, 17"},"content":{"rendered":"<p>Parentes, amigos e policiais est\u00e3o \u00e0 procura de Yuri Ambr\u00f3sio da Silva Vitorino de Souza, 20 anos, que est\u00e1 desaparecido desde o come\u00e7o da tarde dessa segunda-feira, 17, quando saiu da casa de sua m\u00e3e.<\/p>\n<p>Segundo informou a Delegacia de Pol\u00edcia Civil de Cataguases, o rapaz \u00e9 portador de problema mental e reside no Bairro Colinas em Cataguases. Ele estava usando bermuda colorida, blusa preta, chinelo de borracha e casaco verde.<\/p>\n<p>Qualquer informa\u00e7\u00e3o sobre o seu paradeiro pode ser feita diretamente pelos telefone 181 (disque-den\u00fancia) e 190 (Pol\u00edcia Militar) de forma an\u00f4nima.<\/p>\n<p>&nbsp;<\/p>\n<p>Fonte: Marcelo Lopes<\/p>\n","protected":false},"excerpt":{"rendered":"<p>Parentes, amigos e policiais est\u00e3o \u00e0 procura de Yuri Ambr\u00f3sio da Silva Vitorino de Souza, 20 anos, que est\u00e1 desaparecido desde o come\u00e7o da tarde dessa segunda-feira, 17, quando saiu da casa de sua m\u00e3e. Segundo informou a Delegacia de Pol\u00edcia Civil de Cataguases, o rapaz \u00e9 portador de problema mental e reside no Bairro [&hellip;]<\/p>\n","protected":false},"author":96,"featured_media":119963,"comment_status":"closed","ping_status":"closed","sticky":false,"template":"","format":"standard","meta":{"footnotes":""},"categories":[252,439],"tags":[],"class_list":["post-119962","post","type-post","status-publish","format-standard","has-post-thumbnail","hentry","category-regiao","category-ultima-hora"],"_links":{"self":[{"href":"https:\/\/diarioregionaldigital.com.br\/index.php?rest_route=\/wp\/v2\/posts\/119962","targetHints":{"allow":["GET"]}}],"collection":[{"href":"https:\/\/diarioregionaldigital.com.br\/index.php?rest_route=\/wp\/v2\/posts"}],"about":[{"href":"https:\/\/diarioregionaldigital.com.br\/index.php?rest_route=\/wp\/v2\/types\/post"}],"author":[{"embeddable":true,"href":"https:\/\/diarioregionaldigital.com.br\/index.php?rest_route=\/wp\/v2\/users\/96"}],"replies":[{"embeddable":true,"href":"https:\/\/diarioregionaldigital.com.br\/index.php?rest_route=%2Fwp%2Fv2%2Fcomments&post=119962"}],"version-history":[{"count":0,"href":"https:\/\/diarioregionaldigital.com.br\/index.php?rest_route=\/wp\/v2\/posts\/119962\/revisions"}],"wp:featuredmedia":[{"embeddable":true,"href":"https:\/\/diarioregionaldigital.com.br\/index.php?rest_route=\/wp\/v2\/media\/119963"}],"wp:attachment":[{"href":"https:\/\/diarioregionaldigital.com.br\/index.php?rest_route=%2Fwp%2Fv2%2Fmedia&parent=119962"}],"wp:term":[{"taxonomy":"category","embeddable":true,"href":"https:\/\/diarioregionaldigital.com.br\/index.php?rest_route=%2Fwp%2Fv2%2Fcategories&post=119962"},{"taxonomy":"post_tag","embeddable":true,"href":"https:\/\/diarioregionaldigital.com.br\/index.php?rest_route=%2Fwp%2Fv2%2Ftags&post=119962"}],"curies":[{"name":"wp","href":"https:\/\/api.w.org\/{rel}","templated":true}]}}