{"id":119958,"date":"2018-09-19T12:49:11","date_gmt":"2018-09-19T15:49:11","guid":{"rendered":"https:\/\/diarioregionaldigital.com.br\/?p=119958"},"modified":"2018-09-19T12:51:36","modified_gmt":"2018-09-19T15:51:36","slug":"vitimas-do-acidente-da-br-040-sao-identificadas","status":"publish","type":"post","link":"https:\/\/diarioregionaldigital.com.br\/?p=119958","title":{"rendered":"V\u00edtimas do acidente da BR-040 s\u00e3o identificadas"},"content":{"rendered":"<p>Um grave acidente registrado na tarde de ter\u00e7a-feira, 18, na regi\u00e3o do Gag\u00e9, em Conselheiro Lafaiete, resultou na morte de 5 pessoas e deixou outras tr\u00eas feridas. As v\u00edtimas fatais que estavam em um Renault Logan, de Belo Horizonte, j\u00e1 foram identificadas. Um homem, 65 anos, e uma mulher, 28 anos, eram de Juiz de Fora; Outro homeme, 50 anos, era de Nova Lima; e outros dois rapazes de 36 e 47 anos eram de Belo Horizonte.<\/p>\n<p>O Logan seguia\u00a0sentido Rio de Janeiro e, por raz\u00f5es ainda desconhecidas, foi atingido por uma carreta e um Fiat Uno.<\/p>\n<p>&nbsp;<\/p>\n<p>&nbsp;<\/p>\n","protected":false},"excerpt":{"rendered":"<p>Um grave acidente registrado na tarde de ter\u00e7a-feira, 18, na regi\u00e3o do Gag\u00e9, em Conselheiro Lafaiete, resultou na morte de 5 pessoas e deixou outras tr\u00eas feridas. As v\u00edtimas fatais que estavam em um Renault Logan, de Belo Horizonte, j\u00e1 foram identificadas. Um homem, 65 anos, e uma mulher, 28 anos, eram de Juiz de [&hellip;]<\/p>\n","protected":false},"author":96,"featured_media":119959,"comment_status":"closed","ping_status":"closed","sticky":false,"template":"","format":"standard","meta":{"footnotes":""},"categories":[252,439],"tags":[],"class_list":["post-119958","post","type-post","status-publish","format-standard","has-post-thumbnail","hentry","category-regiao","category-ultima-hora"],"_links":{"self":[{"href":"https:\/\/diarioregionaldigital.com.br\/index.php?rest_route=\/wp\/v2\/posts\/119958","targetHints":{"allow":["GET"]}}],"collection":[{"href":"https:\/\/diarioregionaldigital.com.br\/index.php?rest_route=\/wp\/v2\/posts"}],"about":[{"href":"https:\/\/diarioregionaldigital.com.br\/index.php?rest_route=\/wp\/v2\/types\/post"}],"author":[{"embeddable":true,"href":"https:\/\/diarioregionaldigital.com.br\/index.php?rest_route=\/wp\/v2\/users\/96"}],"replies":[{"embeddable":true,"href":"https:\/\/diarioregionaldigital.com.br\/index.php?rest_route=%2Fwp%2Fv2%2Fcomments&post=119958"}],"version-history":[{"count":0,"href":"https:\/\/diarioregionaldigital.com.br\/index.php?rest_route=\/wp\/v2\/posts\/119958\/revisions"}],"wp:featuredmedia":[{"embeddable":true,"href":"https:\/\/diarioregionaldigital.com.br\/index.php?rest_route=\/wp\/v2\/media\/119959"}],"wp:attachment":[{"href":"https:\/\/diarioregionaldigital.com.br\/index.php?rest_route=%2Fwp%2Fv2%2Fmedia&parent=119958"}],"wp:term":[{"taxonomy":"category","embeddable":true,"href":"https:\/\/diarioregionaldigital.com.br\/index.php?rest_route=%2Fwp%2Fv2%2Fcategories&post=119958"},{"taxonomy":"post_tag","embeddable":true,"href":"https:\/\/diarioregionaldigital.com.br\/index.php?rest_route=%2Fwp%2Fv2%2Ftags&post=119958"}],"curies":[{"name":"wp","href":"https:\/\/api.w.org\/{rel}","templated":true}]}}