{"id":119954,"date":"2018-09-19T12:23:30","date_gmt":"2018-09-19T15:23:30","guid":{"rendered":"https:\/\/diarioregionaldigital.com.br\/?p=119954"},"modified":"2018-09-19T12:23:30","modified_gmt":"2018-09-19T15:23:30","slug":"adolescente-e-esfaqueada-durante-atrito-entre-vizinhos-em-muriae","status":"publish","type":"post","link":"https:\/\/diarioregionaldigital.com.br\/?p=119954","title":{"rendered":"Adolescente \u00e9 esfaqueada durante atrito entre vizinhos em Muria\u00e9"},"content":{"rendered":"<p>Uma adolescente de 16 anos foi esfaqueada durante uma briga entre vizinhos, em Muria\u00e9, na noite dessa ter\u00e7a-feira, 18. Segundo a Pol\u00edcia Militar (PM), a menor sofreu um corte no antebra\u00e7o esquerdo, e teria sido atingida ao tentar proteger a tia, de 40 anos, que se envolveu em uma discuss\u00e3o com a autora da facada, de 19 anos, que foi detida.<\/p>\n<p>A adolescente foi atendida no Hospital S\u00e3o Paulo (HSP) e liberada em seguida. Em entrevista \u00e0 R\u00e1dio Muria\u00e9, o militar, sargento Oliveira, disse que o fato aconteceu cerca de duas horas ap\u00f3s um atrito inicial entre as envolvidas, ocorrida no fim da tarde, por discord\u00e2ncias referentes a quest\u00f5es de conviv\u00eancia.<\/p>\n<p>O policial informou que a PM esteve no local dos fatos no primeiro momento, devido ao \u201catrito verbal\u201d, mas que a situa\u00e7\u00e3o j\u00e1 estava apaziguada e n\u00e3o houve necessidade de condu\u00e7\u00e3o \u00e0 delegacia. Por\u00e9m, horas depois as vizinhas voltaram a se desentender, ocasi\u00e3o em que a adolescente acabou ferida.\u00a0Ele detalhou que a autora foi contida por populares, sendo a faca apreendida.<\/p>\n<p>De acordo com a PM, a tia da menor disse que a jovem de 19 anos a atacou com a faca e sua sobrinha foi atingida ao lhe defender. J\u00e1 a detida afirmou que foi ofendida verbalmente por vizinhos durante discuss\u00e3o, e que ao sair de casa foi agredida pela menor e sua tia.<\/p>\n<p>Conforme os militares, testemunhas confirmaram a vers\u00e3o da mulher de 40 anos, e todas as envolvidas foram levadas \u00e0 delegacia do bairro Safira. Foi lavrado Termo Circunstanciado de Ocorr\u00eancia (TCO) e as partes dever\u00e3o comparece ao Juizado Espacial Criminal posteriormente.<\/p>\n<p><em>Fonte: R\u00e1dio Muria\u00e9<\/em><\/p>\n","protected":false},"excerpt":{"rendered":"<p>Uma adolescente de 16 anos foi esfaqueada durante uma briga entre vizinhos, em Muria\u00e9, na noite dessa ter\u00e7a-feira, 18. Segundo a Pol\u00edcia Militar (PM), a menor sofreu um corte no antebra\u00e7o esquerdo, e teria sido atingida ao tentar proteger a tia, de 40 anos, que se envolveu em uma discuss\u00e3o com a autora da facada, [&hellip;]<\/p>\n","protected":false},"author":96,"featured_media":0,"comment_status":"closed","ping_status":"closed","sticky":false,"template":"","format":"standard","meta":{"footnotes":""},"categories":[252,439],"tags":[],"class_list":["post-119954","post","type-post","status-publish","format-standard","hentry","category-regiao","category-ultima-hora"],"_links":{"self":[{"href":"https:\/\/diarioregionaldigital.com.br\/index.php?rest_route=\/wp\/v2\/posts\/119954","targetHints":{"allow":["GET"]}}],"collection":[{"href":"https:\/\/diarioregionaldigital.com.br\/index.php?rest_route=\/wp\/v2\/posts"}],"about":[{"href":"https:\/\/diarioregionaldigital.com.br\/index.php?rest_route=\/wp\/v2\/types\/post"}],"author":[{"embeddable":true,"href":"https:\/\/diarioregionaldigital.com.br\/index.php?rest_route=\/wp\/v2\/users\/96"}],"replies":[{"embeddable":true,"href":"https:\/\/diarioregionaldigital.com.br\/index.php?rest_route=%2Fwp%2Fv2%2Fcomments&post=119954"}],"version-history":[{"count":0,"href":"https:\/\/diarioregionaldigital.com.br\/index.php?rest_route=\/wp\/v2\/posts\/119954\/revisions"}],"wp:attachment":[{"href":"https:\/\/diarioregionaldigital.com.br\/index.php?rest_route=%2Fwp%2Fv2%2Fmedia&parent=119954"}],"wp:term":[{"taxonomy":"category","embeddable":true,"href":"https:\/\/diarioregionaldigital.com.br\/index.php?rest_route=%2Fwp%2Fv2%2Fcategories&post=119954"},{"taxonomy":"post_tag","embeddable":true,"href":"https:\/\/diarioregionaldigital.com.br\/index.php?rest_route=%2Fwp%2Fv2%2Ftags&post=119954"}],"curies":[{"name":"wp","href":"https:\/\/api.w.org\/{rel}","templated":true}]}}