{"id":119937,"date":"2018-09-19T11:06:26","date_gmt":"2018-09-19T14:06:26","guid":{"rendered":"https:\/\/diarioregionaldigital.com.br\/?p=119937"},"modified":"2018-09-19T11:06:26","modified_gmt":"2018-09-19T14:06:26","slug":"pedro-passara-por-cirurgia-no-joelho-e-nao-joga-mais-em-2018","status":"publish","type":"post","link":"https:\/\/diarioregionaldigital.com.br\/?p=119937","title":{"rendered":"Pedro passar\u00e1 por cirurgia no joelho e n\u00e3o joga mais em 2018"},"content":{"rendered":"<p>O atacante Pedro, do Fluminense, est\u00e1 fora do restante da temporada. O jogador passar\u00e1 por uma cirurgia no joelho direito para a recupera\u00e7\u00e3o de uma les\u00e3o no ligamento cruzado anterior e ficar\u00e1 de fora por cerca de seis meses.<\/p>\n<p>Pedro lesionou o joelho no duelo contra o Cruzeiro, no \u00faltimo dia 25. Num primeiro momento, o departamento m\u00e9dico tricolor optou por tratar apenas com fisioterapia. No \u00faltimo dia 10, o jogador fez novos exames, nos quais o clube informou que seria necess\u00e1ria uma cirurgia. De acordo com o diretor de sa\u00fade Michael Simoni, o atacante pediu para que n\u00e3o fossem divulgados os resultados do exame.<\/p>\n<p>Na \u00faltima semana, o departamento m\u00e9dico da Sele\u00e7\u00e3o Brasileira tamb\u00e9m avaliou o jogador e tamb\u00e9m constatou a necessidade do tratamento cir\u00fargico. Vale lembrar que Pedro havia sido convocado por Tite para os amistosos contra Estados Unidos e El Salvador.<\/p>\n","protected":false},"excerpt":{"rendered":"<p>O atacante Pedro, do Fluminense, est\u00e1 fora do restante da temporada. O jogador passar\u00e1 por uma cirurgia no joelho direito para a recupera\u00e7\u00e3o de uma les\u00e3o no ligamento cruzado anterior e ficar\u00e1 de fora por cerca de seis meses. Pedro lesionou o joelho no duelo contra o Cruzeiro, no \u00faltimo dia 25. Num primeiro momento, [&hellip;]<\/p>\n","protected":false},"author":96,"featured_media":119938,"comment_status":"closed","ping_status":"closed","sticky":false,"template":"","format":"standard","meta":{"footnotes":""},"categories":[257,439],"tags":[],"class_list":["post-119937","post","type-post","status-publish","format-standard","has-post-thumbnail","hentry","category-esporte","category-ultima-hora"],"_links":{"self":[{"href":"https:\/\/diarioregionaldigital.com.br\/index.php?rest_route=\/wp\/v2\/posts\/119937","targetHints":{"allow":["GET"]}}],"collection":[{"href":"https:\/\/diarioregionaldigital.com.br\/index.php?rest_route=\/wp\/v2\/posts"}],"about":[{"href":"https:\/\/diarioregionaldigital.com.br\/index.php?rest_route=\/wp\/v2\/types\/post"}],"author":[{"embeddable":true,"href":"https:\/\/diarioregionaldigital.com.br\/index.php?rest_route=\/wp\/v2\/users\/96"}],"replies":[{"embeddable":true,"href":"https:\/\/diarioregionaldigital.com.br\/index.php?rest_route=%2Fwp%2Fv2%2Fcomments&post=119937"}],"version-history":[{"count":0,"href":"https:\/\/diarioregionaldigital.com.br\/index.php?rest_route=\/wp\/v2\/posts\/119937\/revisions"}],"wp:featuredmedia":[{"embeddable":true,"href":"https:\/\/diarioregionaldigital.com.br\/index.php?rest_route=\/wp\/v2\/media\/119938"}],"wp:attachment":[{"href":"https:\/\/diarioregionaldigital.com.br\/index.php?rest_route=%2Fwp%2Fv2%2Fmedia&parent=119937"}],"wp:term":[{"taxonomy":"category","embeddable":true,"href":"https:\/\/diarioregionaldigital.com.br\/index.php?rest_route=%2Fwp%2Fv2%2Fcategories&post=119937"},{"taxonomy":"post_tag","embeddable":true,"href":"https:\/\/diarioregionaldigital.com.br\/index.php?rest_route=%2Fwp%2Fv2%2Ftags&post=119937"}],"curies":[{"name":"wp","href":"https:\/\/api.w.org\/{rel}","templated":true}]}}