{"id":119934,"date":"2018-09-19T11:04:13","date_gmt":"2018-09-19T14:04:13","guid":{"rendered":"https:\/\/diarioregionaldigital.com.br\/?p=119934"},"modified":"2018-09-19T11:04:13","modified_gmt":"2018-09-19T14:04:13","slug":"barbieri-e-mantido-mas-segue-pressionado-no-flamengo","status":"publish","type":"post","link":"https:\/\/diarioregionaldigital.com.br\/?p=119934","title":{"rendered":"Barbieri \u00e9 mantido, mas segue pressionado no Flamengo"},"content":{"rendered":"<p>Candidato da situa\u00e7\u00e3o na elei\u00e7\u00e3o para presidente do\u00a0 Flamengo, o vice-presidente de futebol Ricardo Lomba bem que tentou, por\u00e9m n\u00e3o conseguiu promover uma troca na comiss\u00e3o t\u00e9cnica que incluiria a demiss\u00e3o do t\u00e9cnico Maur\u00edcio Barbieri, apesar de contar com o apoio de boa parte dos conselheiros. O treinador est\u00e1 mantido, pelo menos at\u00e9 o duelo contra o\u00a0Atl\u00e9tico \u2013MG \u00a0no pr\u00f3ximo domingo, \u00e0s 16h (de Bras\u00edlia), pela 26\u00aa rodada do\u00a0Campeonato Brasileiro. No entanto, um novo trope\u00e7o, em casa pode acabar tornando a situa\u00e7\u00e3o do treinador insustent\u00e1vel.<\/p>\n<p>Nos bastidores do clube existe uma grande insatisfa\u00e7\u00e3o com a maneira como Barbieri conduziu o elenco brigando em tr\u00eas frentes. Ap\u00f3s a Copa do Mundo, mesmo com cinco pontos de vantagem na lideran\u00e7a, o time mostrou inseguran\u00e7a e hoje ocupa a quarta coloca\u00e7\u00e3o. Na Copa Libertadores, a elimina\u00e7\u00e3o para o Cruzeiro nas oitavas de final, com direito a uma atua\u00e7\u00e3o ap\u00e1tica e derrota por 2 a 0 no Maracan\u00e3, colocou ainda mais lenha na fogueira. O empate sem gols com o Corinthians, no jogo de ida das semifinais da Copa do Brasil, no Maracan\u00e3, deixa a vaga na final mais complicada levando em considera\u00e7\u00e3o que o jogo da volta, em 26 de setembro, ser\u00e1 em S\u00e3o Paulo. Na vis\u00e3o dos conselheiros, Barbieri deveria ter preservado mais os jogadores em algumas ocasi\u00f5es e isso estaria se refletindo em um desgaste f\u00edsico.<\/p>\n<p>Apesar da press\u00e3o de Lomba, o presidente Eduardo Bandeira de Mello vem bancando a perman\u00eancia do treinador pois entende que uma troca de comando nesta reta final de temporada seria um preju\u00edzo ao clube. Alguns conselheiros, por\u00e9m, est\u00e3o insatisfeitos pelo fato de o mandat\u00e1rio passar boa parte do tempo em campanha para deputado federal no interior do Rio de Janeiro. Alguns entendem que o Flamengo est\u00e1 sendo deixado de lado.<\/p>\n<p>O elenco se manifestou sobre o caso por meio do zagueiro L\u00e9o Duarte e deu a entender que est\u00e1 \u201cfechado\u201d com Barbieri. \u201c\u00c9 o nosso treinador. Confiamos nele e acredito que no domingo vamos conseguir um bom resultado pois teremos a semana toda para trabalharmos\u201d.<\/p>\n<p>O elenco do Flamengo treinou na manh\u00e3 desta ter\u00e7a-feira, mas a defini\u00e7\u00e3o da equipe que pega o Galo vai ficar para as \u00faltimas atividades da semana. Nesta quarta-feira o grupo voltou a trabalhar na parte da manh\u00e3.<\/p>\n<p><strong>Fonte: Gazeta Press<\/strong><\/p>\n","protected":false},"excerpt":{"rendered":"<p>Candidato da situa\u00e7\u00e3o na elei\u00e7\u00e3o para presidente do\u00a0 Flamengo, o vice-presidente de futebol Ricardo Lomba bem que tentou, por\u00e9m n\u00e3o conseguiu promover uma troca na comiss\u00e3o t\u00e9cnica que incluiria a demiss\u00e3o do t\u00e9cnico Maur\u00edcio Barbieri, apesar de contar com o apoio de boa parte dos conselheiros. O treinador est\u00e1 mantido, pelo menos at\u00e9 o duelo [&hellip;]<\/p>\n","protected":false},"author":96,"featured_media":119935,"comment_status":"closed","ping_status":"closed","sticky":false,"template":"","format":"standard","meta":{"footnotes":""},"categories":[257,439],"tags":[],"class_list":["post-119934","post","type-post","status-publish","format-standard","has-post-thumbnail","hentry","category-esporte","category-ultima-hora"],"_links":{"self":[{"href":"https:\/\/diarioregionaldigital.com.br\/index.php?rest_route=\/wp\/v2\/posts\/119934","targetHints":{"allow":["GET"]}}],"collection":[{"href":"https:\/\/diarioregionaldigital.com.br\/index.php?rest_route=\/wp\/v2\/posts"}],"about":[{"href":"https:\/\/diarioregionaldigital.com.br\/index.php?rest_route=\/wp\/v2\/types\/post"}],"author":[{"embeddable":true,"href":"https:\/\/diarioregionaldigital.com.br\/index.php?rest_route=\/wp\/v2\/users\/96"}],"replies":[{"embeddable":true,"href":"https:\/\/diarioregionaldigital.com.br\/index.php?rest_route=%2Fwp%2Fv2%2Fcomments&post=119934"}],"version-history":[{"count":0,"href":"https:\/\/diarioregionaldigital.com.br\/index.php?rest_route=\/wp\/v2\/posts\/119934\/revisions"}],"wp:featuredmedia":[{"embeddable":true,"href":"https:\/\/diarioregionaldigital.com.br\/index.php?rest_route=\/wp\/v2\/media\/119935"}],"wp:attachment":[{"href":"https:\/\/diarioregionaldigital.com.br\/index.php?rest_route=%2Fwp%2Fv2%2Fmedia&parent=119934"}],"wp:term":[{"taxonomy":"category","embeddable":true,"href":"https:\/\/diarioregionaldigital.com.br\/index.php?rest_route=%2Fwp%2Fv2%2Fcategories&post=119934"},{"taxonomy":"post_tag","embeddable":true,"href":"https:\/\/diarioregionaldigital.com.br\/index.php?rest_route=%2Fwp%2Fv2%2Ftags&post=119934"}],"curies":[{"name":"wp","href":"https:\/\/api.w.org\/{rel}","templated":true}]}}