{"id":119931,"date":"2018-09-19T10:00:30","date_gmt":"2018-09-19T13:00:30","guid":{"rendered":"https:\/\/diarioregionaldigital.com.br\/?p=119931"},"modified":"2018-09-19T10:38:38","modified_gmt":"2018-09-19T13:38:38","slug":"dupla-assalta-correspondente-bancario-no-bairro-cidade-do-sol-em-jf","status":"publish","type":"post","link":"https:\/\/diarioregionaldigital.com.br\/?p=119931","title":{"rendered":"Dupla assalta correspondente banc\u00e1rio no bairro Cidade do Sol"},"content":{"rendered":"<p>Um correspondente banc\u00e1rio, foi alvo de assalto nessa ter\u00e7a-feira, 18, na rua Jos\u00e9 Teixeira da Silva, no bairro Cidade do Sol, na zona Norte de Juiz de Fora. Por volta das 16h, dois homens entraram no local quando foram surpreendidos por policiais civis que \u00a0faziam ronda na regi\u00e3o.<\/p>\n<p>Houve persegui\u00e7\u00e3o policial. Um dos autores, de 20 anos foi preso, e o outro, um jovem de 17 anos, foi apreendido. Com o menor foram encontrados um fac\u00e3o e uma mochila, com dinheiro, mas a Pol\u00edcia Civil n\u00e3o informou se a quantia teria sido roubada do correspondente banc\u00e1rio.<\/p>\n","protected":false},"excerpt":{"rendered":"<p>Um correspondente banc\u00e1rio, foi alvo de assalto nessa ter\u00e7a-feira, 18, na rua Jos\u00e9 Teixeira da Silva, no bairro Cidade do Sol, na zona Norte de Juiz de Fora. Por volta das 16h, dois homens entraram no local quando foram surpreendidos por policiais civis que \u00a0faziam ronda na regi\u00e3o. Houve persegui\u00e7\u00e3o policial. Um dos autores, de [&hellip;]<\/p>\n","protected":false},"author":96,"featured_media":97342,"comment_status":"closed","ping_status":"closed","sticky":false,"template":"","format":"standard","meta":{"footnotes":""},"categories":[301],"tags":[],"class_list":["post-119931","post","type-post","status-publish","format-standard","has-post-thumbnail","hentry","category-artigos-policiais"],"_links":{"self":[{"href":"https:\/\/diarioregionaldigital.com.br\/index.php?rest_route=\/wp\/v2\/posts\/119931","targetHints":{"allow":["GET"]}}],"collection":[{"href":"https:\/\/diarioregionaldigital.com.br\/index.php?rest_route=\/wp\/v2\/posts"}],"about":[{"href":"https:\/\/diarioregionaldigital.com.br\/index.php?rest_route=\/wp\/v2\/types\/post"}],"author":[{"embeddable":true,"href":"https:\/\/diarioregionaldigital.com.br\/index.php?rest_route=\/wp\/v2\/users\/96"}],"replies":[{"embeddable":true,"href":"https:\/\/diarioregionaldigital.com.br\/index.php?rest_route=%2Fwp%2Fv2%2Fcomments&post=119931"}],"version-history":[{"count":0,"href":"https:\/\/diarioregionaldigital.com.br\/index.php?rest_route=\/wp\/v2\/posts\/119931\/revisions"}],"wp:featuredmedia":[{"embeddable":true,"href":"https:\/\/diarioregionaldigital.com.br\/index.php?rest_route=\/wp\/v2\/media\/97342"}],"wp:attachment":[{"href":"https:\/\/diarioregionaldigital.com.br\/index.php?rest_route=%2Fwp%2Fv2%2Fmedia&parent=119931"}],"wp:term":[{"taxonomy":"category","embeddable":true,"href":"https:\/\/diarioregionaldigital.com.br\/index.php?rest_route=%2Fwp%2Fv2%2Fcategories&post=119931"},{"taxonomy":"post_tag","embeddable":true,"href":"https:\/\/diarioregionaldigital.com.br\/index.php?rest_route=%2Fwp%2Fv2%2Ftags&post=119931"}],"curies":[{"name":"wp","href":"https:\/\/api.w.org\/{rel}","templated":true}]}}