{"id":119913,"date":"2018-09-19T08:21:47","date_gmt":"2018-09-19T11:21:47","guid":{"rendered":"https:\/\/diarioregionaldigital.com.br\/?p=119913"},"modified":"2018-09-19T09:35:43","modified_gmt":"2018-09-19T12:35:43","slug":"bairro-ladeira-e-alvo-de-dois-assaltos-em-um-dia","status":"publish","type":"post","link":"https:\/\/diarioregionaldigital.com.br\/?p=119913","title":{"rendered":"Bairro Ladeira \u00e9 alvo de dois assaltos em um dia"},"content":{"rendered":"<p>O bairro Ladeira, na zona Leste de Juiz de Fora, foi alvo de ladr\u00f5es nessa ter\u00e7a-feira, 18. Dois estabelecimentos comerciais foram assaltados em menos de 10 horas.<\/p>\n<p>Um deles, uma loja de celulares na rua Maria Perp\u00e9tua, foi invadida por dois homens, um deles armado, por volta das 10h. De acordo com a propriet\u00e1ria do estabelecimento, uma mulher de 38 anos, ap\u00f3s amea\u00e7as, eles anunciaram o assalto e conseguiram subtrair quatro celulares. Em seguida, fugiram.<\/p>\n<p>O outro com\u00e9rcio assaltado foi um posto de gasolina na Rua Marechal Setembrino, a pouco mais de 500 metros do local do primeiro roubo. \u00c0s 19h, um funcion\u00e1rio do posto, de 34 anos, fazia o trabalho normalmente quando dois homens chegaram armados com rev\u00f3lver. Eles roubaram uma quantia de R$300 do caixa do estabelecimento e ainda levaram mais R$500 de um cliente, de 22 anos, que abastecia o carro no momento do assalto.<\/p>\n<p>Nos dois casos houve rastreamento na regi\u00e3o, mas a Pol\u00edcia Militar ningu\u00e9m foi encontrado. N\u00e3o se sabe se os dois casos t\u00eam alguma rela\u00e7\u00e3o entre si.<\/p>\n","protected":false},"excerpt":{"rendered":"<p>O bairro Ladeira, na zona Leste de Juiz de Fora, foi alvo de ladr\u00f5es nessa ter\u00e7a-feira, 18. Dois estabelecimentos comerciais foram assaltados em menos de 10 horas. Um deles, uma loja de celulares na rua Maria Perp\u00e9tua, foi invadida por dois homens, um deles armado, por volta das 10h. De acordo com a propriet\u00e1ria do [&hellip;]<\/p>\n","protected":false},"author":96,"featured_media":97342,"comment_status":"closed","ping_status":"closed","sticky":false,"template":"","format":"standard","meta":{"footnotes":""},"categories":[301],"tags":[],"class_list":["post-119913","post","type-post","status-publish","format-standard","has-post-thumbnail","hentry","category-artigos-policiais"],"_links":{"self":[{"href":"https:\/\/diarioregionaldigital.com.br\/index.php?rest_route=\/wp\/v2\/posts\/119913","targetHints":{"allow":["GET"]}}],"collection":[{"href":"https:\/\/diarioregionaldigital.com.br\/index.php?rest_route=\/wp\/v2\/posts"}],"about":[{"href":"https:\/\/diarioregionaldigital.com.br\/index.php?rest_route=\/wp\/v2\/types\/post"}],"author":[{"embeddable":true,"href":"https:\/\/diarioregionaldigital.com.br\/index.php?rest_route=\/wp\/v2\/users\/96"}],"replies":[{"embeddable":true,"href":"https:\/\/diarioregionaldigital.com.br\/index.php?rest_route=%2Fwp%2Fv2%2Fcomments&post=119913"}],"version-history":[{"count":0,"href":"https:\/\/diarioregionaldigital.com.br\/index.php?rest_route=\/wp\/v2\/posts\/119913\/revisions"}],"wp:featuredmedia":[{"embeddable":true,"href":"https:\/\/diarioregionaldigital.com.br\/index.php?rest_route=\/wp\/v2\/media\/97342"}],"wp:attachment":[{"href":"https:\/\/diarioregionaldigital.com.br\/index.php?rest_route=%2Fwp%2Fv2%2Fmedia&parent=119913"}],"wp:term":[{"taxonomy":"category","embeddable":true,"href":"https:\/\/diarioregionaldigital.com.br\/index.php?rest_route=%2Fwp%2Fv2%2Fcategories&post=119913"},{"taxonomy":"post_tag","embeddable":true,"href":"https:\/\/diarioregionaldigital.com.br\/index.php?rest_route=%2Fwp%2Fv2%2Ftags&post=119913"}],"curies":[{"name":"wp","href":"https:\/\/api.w.org\/{rel}","templated":true}]}}