{"id":119883,"date":"2018-09-19T06:00:35","date_gmt":"2018-09-19T09:00:35","guid":{"rendered":"https:\/\/diarioregionaldigital.com.br\/?p=119883"},"modified":"2018-09-18T19:01:53","modified_gmt":"2018-09-18T22:01:53","slug":"rainha-da-primavera-ase-2018","status":"publish","type":"post","link":"https:\/\/diarioregionaldigital.com.br\/?p=119883","title":{"rendered":"Rainha da Primavera ASE-2018"},"content":{"rendered":"<p style=\"text-align: center;\"><strong>\u00c9 Show<\/strong><\/p>\n<p style=\"text-align: center;\">Marcando territ\u00f3rio com sucesso, a cantora Sandra Portella faz show hoje, \u00e0s 18h45, no Teatro Jo\u00e3o Caetano no Rio de Janeiro. A diva vai interpretar a cantora Clara Nunes em um Tributo com 27 m\u00fasicas que vai de \u201cMorena de Angola\u201d, \u201cCanto das Tr\u00eas Ra\u00e7as\u201d e \u201cTristeza p\u00e9 no Ch\u00e3o\u201d. Aplausos.<\/p>\n<p style=\"text-align: center;\"><strong>Moda Show <\/strong><\/p>\n<p style=\"text-align: center;\">A badalada marca carioca Farm, reconhecida por suas estampas coloridas e bem brasileiras, acaba de completar sua maioridade \u2013 21 anos \u2013, e inaugurou sua primeira loja tempor\u00e1ria no Independ\u00eancia Shopping, com sua cole\u00e7\u00e3o \u201cNatureza Feminina\u201d, que \u00e9 o respeito \u00e0 pr\u00f3pria natureza.<\/p>\n<p style=\"text-align: center;\"><strong>CES\/JF<\/strong><\/p>\n<p style=\"text-align: center;\">O curso de Ci\u00eancias Biol\u00f3gicas do CES\/JF realizar\u00e1 de 24 a 28 de setembro a XIV Semana da Biologia, que vai oferecer aos alunos uma variedade de minicursos, contando com participa\u00e7\u00e3o de profissionais de v\u00e1rias ramos da biologia. O evento \u00e9 aberto \u00e0 comunidade e tem programa\u00e7\u00e3o variada.<\/p>\n<p style=\"text-align: center;\"><strong>Minascon<\/strong><\/p>\n<p style=\"text-align: center;\">Com uma programa\u00e7\u00e3o diversificada, o Minascon 2018 acontece em Juiz de Fora, entre os dias 25 e 27 de setembro, no Trade Hotel e atender\u00e1 aos v\u00e1rios segmentos que comp\u00f5em a cadeia de constru\u00e7\u00e3o, unindo conhecimento t\u00e9cnico, neg\u00f3cios e um concurso acad\u00eamico. Neste ano, a programa\u00e7\u00e3o contempla congressos t\u00e9cnicos, pain\u00e9is tem\u00e1ticos, workshops, semin\u00e1rios e palestras que integram quase 20 tem\u00e1ticas diferentes.<\/p>\n<p style=\"text-align: center;\"><strong>Gente que Faz<\/strong><\/p>\n<p style=\"text-align: center;\">A professora Helenise Bisaggio est\u00e1 em estado alfa. Com seu bel\u00edssimo poema \u201cColheita\u201d foi selecionada pela Uni\u00e3o Brasileira de Escritores. O texto ser\u00e1 divulgado no livro \u201cAntologia po\u00e9tica\u201c, com selo da Editora Trevo. Helenise teve uma impec\u00e1vel atua\u00e7\u00e3o na rede municipal de ensino, com mais de 30 anos de dedica\u00e7\u00e3o.<\/p>\n<p style=\"text-align: center;\"><span style=\"font-size: 14pt;\"><strong>Rainha da Primavera ASE-2018<\/strong><\/span><\/p>\n<p style=\"text-align: center;\">Em alt\u00edssimo astral e com p\u00fablico vibrante, aconteceu em grande estilo o tradicional concurso Rainha da Primavera na sede social da ASE. Lindas candidatas se apresentaram para um seleto corpo de jurados, desfile de modas. Shows, luzes e cores fizeram contraponto para a perfeita coordena\u00e7\u00e3o de Crys Santos da Discovery Model\u2019s. As fotos de Thiago Kadosch e Marcelo Martins registram.<\/p>\n<div id=\"attachment_119868\" style=\"width: 690px\" class=\"wp-caption aligncenter\"><img loading=\"lazy\" decoding=\"async\" aria-describedby=\"caption-attachment-119868\" class=\"wp-image-119868\" src=\"https:\/\/diarioregionaldigital.com.br\/wp-content\/uploads\/2018\/09\/fotoa-11.jpg\" alt=\"\" width=\"680\" height=\"424\" srcset=\"https:\/\/diarioregionaldigital.com.br\/wp-content\/uploads\/2018\/09\/fotoa-11.jpg 960w, https:\/\/diarioregionaldigital.com.br\/wp-content\/uploads\/2018\/09\/fotoa-11-300x187.jpg 300w, https:\/\/diarioregionaldigital.com.br\/wp-content\/uploads\/2018\/09\/fotoa-11-768x479.jpg 768w, https:\/\/diarioregionaldigital.com.br\/wp-content\/uploads\/2018\/09\/fotoa-11-360x225.jpg 360w\" sizes=\"auto, (max-width: 680px) 100vw, 680px\" \/><p id=\"caption-attachment-119868\" class=\"wp-caption-text\">As candidatas ao t\u00edtulo Rainha da Primavera ASE-2018, todas bel\u00edssimas<\/p><\/div>\n<div id=\"attachment_119869\" style=\"width: 690px\" class=\"wp-caption aligncenter\"><img loading=\"lazy\" decoding=\"async\" aria-describedby=\"caption-attachment-119869\" class=\"wp-image-119869\" src=\"https:\/\/diarioregionaldigital.com.br\/wp-content\/uploads\/2018\/09\/fotob-9.jpg\" alt=\"\" width=\"680\" height=\"452\" srcset=\"https:\/\/diarioregionaldigital.com.br\/wp-content\/uploads\/2018\/09\/fotob-9.jpg 960w, https:\/\/diarioregionaldigital.com.br\/wp-content\/uploads\/2018\/09\/fotob-9-300x199.jpg 300w, https:\/\/diarioregionaldigital.com.br\/wp-content\/uploads\/2018\/09\/fotob-9-768x510.jpg 768w, https:\/\/diarioregionaldigital.com.br\/wp-content\/uploads\/2018\/09\/fotob-9-360x239.jpg 360w\" sizes=\"auto, (max-width: 680px) 100vw, 680px\" \/><p id=\"caption-attachment-119869\" class=\"wp-caption-text\">A Rainha da Primavera da ASE, Isadora Sabino ladeada por M\u00e1rcia e o presidente Jairo L\u00facio Lauro<\/p><\/div>\n<div id=\"attachment_119870\" style=\"width: 690px\" class=\"wp-caption aligncenter\"><img loading=\"lazy\" decoding=\"async\" aria-describedby=\"caption-attachment-119870\" class=\"wp-image-119870\" src=\"https:\/\/diarioregionaldigital.com.br\/wp-content\/uploads\/2018\/09\/fotoc-8.jpg\" alt=\"\" width=\"680\" height=\"518\" srcset=\"https:\/\/diarioregionaldigital.com.br\/wp-content\/uploads\/2018\/09\/fotoc-8.jpg 960w, https:\/\/diarioregionaldigital.com.br\/wp-content\/uploads\/2018\/09\/fotoc-8-300x228.jpg 300w, https:\/\/diarioregionaldigital.com.br\/wp-content\/uploads\/2018\/09\/fotoc-8-768x585.jpg 768w, https:\/\/diarioregionaldigital.com.br\/wp-content\/uploads\/2018\/09\/fotoc-8-360x274.jpg 360w\" sizes=\"auto, (max-width: 680px) 100vw, 680px\" \/><p id=\"caption-attachment-119870\" class=\"wp-caption-text\">A Corte da Beleza: Vanessa Oliveira (simpatia) Aila Costa (internet), Isadora Sabino (Rainha), Anthoely Vieira (2\u00aa princesa) e Emilainy Werneck (1\u00aa princesa)<\/p><\/div>\n<div id=\"attachment_119871\" style=\"width: 690px\" class=\"wp-caption aligncenter\"><img loading=\"lazy\" decoding=\"async\" aria-describedby=\"caption-attachment-119871\" class=\"wp-image-119871\" src=\"https:\/\/diarioregionaldigital.com.br\/wp-content\/uploads\/2018\/09\/fotof-7.jpg\" alt=\"\" width=\"680\" height=\"453\" srcset=\"https:\/\/diarioregionaldigital.com.br\/wp-content\/uploads\/2018\/09\/fotof-7.jpg 960w, https:\/\/diarioregionaldigital.com.br\/wp-content\/uploads\/2018\/09\/fotof-7-300x200.jpg 300w, https:\/\/diarioregionaldigital.com.br\/wp-content\/uploads\/2018\/09\/fotof-7-768x512.jpg 768w, https:\/\/diarioregionaldigital.com.br\/wp-content\/uploads\/2018\/09\/fotof-7-360x240.jpg 360w\" sizes=\"auto, (max-width: 680px) 100vw, 680px\" \/><p id=\"caption-attachment-119871\" class=\"wp-caption-text\">Torcida animada: Maria da Gl\u00f3ria Vieira, Gracilene Evangelista, Paulo Cesar Quirino Junior e Luan Evangelista Vieira<\/p><\/div>\n<div id=\"attachment_119872\" style=\"width: 690px\" class=\"wp-caption aligncenter\"><img loading=\"lazy\" decoding=\"async\" aria-describedby=\"caption-attachment-119872\" class=\"wp-image-119872\" src=\"https:\/\/diarioregionaldigital.com.br\/wp-content\/uploads\/2018\/09\/fotog-9-e1537305495100.jpg\" alt=\"\" width=\"680\" height=\"554\" srcset=\"https:\/\/diarioregionaldigital.com.br\/wp-content\/uploads\/2018\/09\/fotog-9-e1537305495100.jpg 638w, https:\/\/diarioregionaldigital.com.br\/wp-content\/uploads\/2018\/09\/fotog-9-e1537305495100-300x245.jpg 300w, https:\/\/diarioregionaldigital.com.br\/wp-content\/uploads\/2018\/09\/fotog-9-e1537305495100-220x180.jpg 220w, https:\/\/diarioregionaldigital.com.br\/wp-content\/uploads\/2018\/09\/fotog-9-e1537305495100-360x293.jpg 360w\" sizes=\"auto, (max-width: 680px) 100vw, 680px\" \/><p id=\"caption-attachment-119872\" class=\"wp-caption-text\">A miss Juiz de Fora linda, Maria Carolina Rodrigues<\/p><\/div>\n<div id=\"attachment_119873\" style=\"width: 690px\" class=\"wp-caption aligncenter\"><img loading=\"lazy\" decoding=\"async\" aria-describedby=\"caption-attachment-119873\" class=\"wp-image-119873\" src=\"https:\/\/diarioregionaldigital.com.br\/wp-content\/uploads\/2018\/09\/fotoh-9.jpg\" alt=\"\" width=\"680\" height=\"453\" srcset=\"https:\/\/diarioregionaldigital.com.br\/wp-content\/uploads\/2018\/09\/fotoh-9.jpg 960w, https:\/\/diarioregionaldigital.com.br\/wp-content\/uploads\/2018\/09\/fotoh-9-300x200.jpg 300w, https:\/\/diarioregionaldigital.com.br\/wp-content\/uploads\/2018\/09\/fotoh-9-768x512.jpg 768w, https:\/\/diarioregionaldigital.com.br\/wp-content\/uploads\/2018\/09\/fotoh-9-360x240.jpg 360w\" sizes=\"auto, (max-width: 680px) 100vw, 680px\" \/><p id=\"caption-attachment-119873\" class=\"wp-caption-text\">O prefeito de Juiz de Fora, Ant\u00f4nio Almas, e o coordenador da Discovery Model\u2019s, Crys Santos<\/p><\/div>\n<div id=\"attachment_119874\" style=\"width: 690px\" class=\"wp-caption aligncenter\"><img loading=\"lazy\" decoding=\"async\" aria-describedby=\"caption-attachment-119874\" class=\"wp-image-119874\" src=\"https:\/\/diarioregionaldigital.com.br\/wp-content\/uploads\/2018\/09\/fotoi-11.jpg\" alt=\"\" width=\"680\" height=\"503\" srcset=\"https:\/\/diarioregionaldigital.com.br\/wp-content\/uploads\/2018\/09\/fotoi-11.jpg 960w, https:\/\/diarioregionaldigital.com.br\/wp-content\/uploads\/2018\/09\/fotoi-11-300x222.jpg 300w, https:\/\/diarioregionaldigital.com.br\/wp-content\/uploads\/2018\/09\/fotoi-11-768x568.jpg 768w, https:\/\/diarioregionaldigital.com.br\/wp-content\/uploads\/2018\/09\/fotoi-11-360x266.jpg 360w\" sizes=\"auto, (max-width: 680px) 100vw, 680px\" \/><p id=\"caption-attachment-119874\" class=\"wp-caption-text\">Os modelos Gustavo Cedrola e Rafael Bissoli ladeando o estilista Hamilton Sabi\u00e3o<\/p><\/div>\n<div id=\"attachment_119875\" style=\"width: 690px\" class=\"wp-caption aligncenter\"><img loading=\"lazy\" decoding=\"async\" aria-describedby=\"caption-attachment-119875\" class=\"wp-image-119875\" src=\"https:\/\/diarioregionaldigital.com.br\/wp-content\/uploads\/2018\/09\/fotoj-6.jpg\" alt=\"\" width=\"680\" height=\"572\" srcset=\"https:\/\/diarioregionaldigital.com.br\/wp-content\/uploads\/2018\/09\/fotoj-6.jpg 960w, https:\/\/diarioregionaldigital.com.br\/wp-content\/uploads\/2018\/09\/fotoj-6-300x253.jpg 300w, https:\/\/diarioregionaldigital.com.br\/wp-content\/uploads\/2018\/09\/fotoj-6-768x646.jpg 768w, https:\/\/diarioregionaldigital.com.br\/wp-content\/uploads\/2018\/09\/fotoj-6-360x303.jpg 360w\" sizes=\"auto, (max-width: 680px) 100vw, 680px\" \/><p id=\"caption-attachment-119875\" class=\"wp-caption-text\">Luciana Lopes mostrando roupas by Ana Modas com Josiane Moreira, La\u00eds Machado, Ana Paula Mendes, Juliana Lopes e Lizandra Ramos<\/p><\/div>\n<div id=\"attachment_119867\" style=\"width: 690px\" class=\"wp-caption aligncenter\"><img loading=\"lazy\" decoding=\"async\" aria-describedby=\"caption-attachment-119867\" class=\"wp-image-119867\" src=\"https:\/\/diarioregionaldigital.com.br\/wp-content\/uploads\/2018\/09\/fotol-4.jpg\" alt=\"\" width=\"680\" height=\"407\" srcset=\"https:\/\/diarioregionaldigital.com.br\/wp-content\/uploads\/2018\/09\/fotol-4.jpg 960w, https:\/\/diarioregionaldigital.com.br\/wp-content\/uploads\/2018\/09\/fotol-4-300x180.jpg 300w, https:\/\/diarioregionaldigital.com.br\/wp-content\/uploads\/2018\/09\/fotol-4-768x460.jpg 768w, https:\/\/diarioregionaldigital.com.br\/wp-content\/uploads\/2018\/09\/fotol-4-360x216.jpg 360w\" sizes=\"auto, (max-width: 680px) 100vw, 680px\" \/><p id=\"caption-attachment-119867\" class=\"wp-caption-text\">Gente poderosa e feliz, Luciano de Castro, Gilmara Delgado Rocha, Eduardo Gomes (jurado), Cris Bissoli e Rosenberg Frizeiro<\/p><\/div>\n<p style=\"text-align: center;\"><strong>FOTOSS\u00cdNTESE<\/strong><\/p>\n<p>Gente bonita e localizada marca presen\u00e7a na Churrasqueira Alto dos Passos por conta do Na Varanda. No espa\u00e7o o barman Henrique Passos assina os maravilhosos drinques.<\/p>\n<p>Assumindo a Secretaria de Agropecu\u00e1ria e Abastecimento, o ex-vice prefeito de Santos Dumont Dalton Abud.<\/p>\n<p>O pianista Guilherme Veroneze \u00e9 um sucesso s\u00f3. Sua apresenta\u00e7\u00e3o na Biblioteca Redentorista foi aclamada com muitos aplausos.<\/p>\n<p>Din\u00e2mico e empreendedor Samir I\u00e1sbeck, CEO do Qranio, lan\u00e7ou a \u201cTrilha Pol\u00edtica Brasileira\u201d.<\/p>\n<p>Sucesso total as apresenta\u00e7\u00f5es do Grupo de Dan\u00e7as Folcl\u00f3ricas Germ\u00e2nica Schmetterling durante a Festa Alem\u00e3, no Borboleta. O Grupo comemora 28 anos com apresenta\u00e7\u00e3o de oito categorias.<\/p>\n<p>Com plano para a cultura local o artista pl\u00e1stico Ricardo Barcellos planeja realizar, pela segunda vez, uma oficina com arte com detentos em outubro.<\/p>\n<p>Agendando para 23 de setembro, \u00e0s 13h, o lan\u00e7amento do enredo Vaidade das Vaidades e Roda de Samba na quadra da Mocidade Alegre, no Santa Cec\u00edlia.<\/p>\n<p>A bonita e elegante Meire Milhomens comemorou anivers\u00e1rio na Esta\u00e7\u00e3o Grill reunindo os amigos M\u00f4nica Gomide Guimar\u00e3es e Carlos Henrique Batitucci, Sandra Cordeiro, Eliana Lamha, Marc\u00edlio Gomes, Alvaro Lamha e muito mais.<\/p>\n<p>Durante a abertura da Deutsches Fest, no Borboleta, o presidente da associa\u00e7\u00e3o Salcio Del Duca e Jakeline Lisboa autografaram a obra. \u201dAs cervejarias de imigrantes germ\u00e2nicos em Juiz de Fora: pioneirismos em Minas Gerais\u201d.<\/p>\n<p>Na 4\u00aa feira, 19, \u00e0s 19h30, no Ritz Hotel acontece o Painel \u201cUnidos Contra a Corrup\u00e7\u00e3o\u201d<\/p>\n<p>Para observar: Enquanto isto o tesouro continua a brilhar inalterado, no fundo do escuro. Bom dia.<\/p>\n","protected":false},"excerpt":{"rendered":"<p>\u00c9 Show Marcando territ\u00f3rio com sucesso, a cantora Sandra Portella faz show hoje, \u00e0s 18h45, no Teatro Jo\u00e3o Caetano no Rio de Janeiro. A diva vai interpretar a cantora Clara Nunes em um Tributo com 27 m\u00fasicas que vai de \u201cMorena de Angola\u201d, \u201cCanto das Tr\u00eas Ra\u00e7as\u201d e \u201cTristeza p\u00e9 no Ch\u00e3o\u201d. Aplausos. Moda Show [&hellip;]<\/p>\n","protected":false},"author":96,"featured_media":119868,"comment_status":"closed","ping_status":"closed","sticky":false,"template":"","format":"standard","meta":{"footnotes":""},"categories":[264],"tags":[],"class_list":["post-119883","post","type-post","status-publish","format-standard","has-post-thumbnail","hentry","category-eduardo-gomes"],"_links":{"self":[{"href":"https:\/\/diarioregionaldigital.com.br\/index.php?rest_route=\/wp\/v2\/posts\/119883","targetHints":{"allow":["GET"]}}],"collection":[{"href":"https:\/\/diarioregionaldigital.com.br\/index.php?rest_route=\/wp\/v2\/posts"}],"about":[{"href":"https:\/\/diarioregionaldigital.com.br\/index.php?rest_route=\/wp\/v2\/types\/post"}],"author":[{"embeddable":true,"href":"https:\/\/diarioregionaldigital.com.br\/index.php?rest_route=\/wp\/v2\/users\/96"}],"replies":[{"embeddable":true,"href":"https:\/\/diarioregionaldigital.com.br\/index.php?rest_route=%2Fwp%2Fv2%2Fcomments&post=119883"}],"version-history":[{"count":0,"href":"https:\/\/diarioregionaldigital.com.br\/index.php?rest_route=\/wp\/v2\/posts\/119883\/revisions"}],"wp:featuredmedia":[{"embeddable":true,"href":"https:\/\/diarioregionaldigital.com.br\/index.php?rest_route=\/wp\/v2\/media\/119868"}],"wp:attachment":[{"href":"https:\/\/diarioregionaldigital.com.br\/index.php?rest_route=%2Fwp%2Fv2%2Fmedia&parent=119883"}],"wp:term":[{"taxonomy":"category","embeddable":true,"href":"https:\/\/diarioregionaldigital.com.br\/index.php?rest_route=%2Fwp%2Fv2%2Fcategories&post=119883"},{"taxonomy":"post_tag","embeddable":true,"href":"https:\/\/diarioregionaldigital.com.br\/index.php?rest_route=%2Fwp%2Fv2%2Ftags&post=119883"}],"curies":[{"name":"wp","href":"https:\/\/api.w.org\/{rel}","templated":true}]}}