{"id":119773,"date":"2018-09-18T08:20:41","date_gmt":"2018-09-18T11:20:41","guid":{"rendered":"https:\/\/diarioregionaldigital.com.br\/?p=119773"},"modified":"2018-09-18T08:21:47","modified_gmt":"2018-09-18T11:21:47","slug":"jovem-e-assaltada-no-bairro-benfica","status":"publish","type":"post","link":"https:\/\/diarioregionaldigital.com.br\/?p=119773","title":{"rendered":"Jovem \u00e9 assaltada no bairro Benfica"},"content":{"rendered":"<p>Uma jovem, de 25 anos, foi assaltada nessa segunda-feira, 17, \u00a0na Avenida Juscelino Kubistchek, em Benfica, regi\u00e3o Norte de Juiz de Fora. Por volta das 23h30, ela passava a p\u00e9 pela via, nas redondezas da Pra\u00e7a CEU, quando foi abordada por dois indiv\u00edduos.<\/p>\n<p>Segundo a v\u00edtima, um dos autores estava armado e, ap\u00f3s amea\u00e7as, conseguiu roubar o celular da mulher. Ap\u00f3s o crime, os assaltantes fugiram e, at\u00e9 o momento, n\u00e3o foram localizados.<\/p>\n","protected":false},"excerpt":{"rendered":"<p>Uma jovem, de 25 anos, foi assaltada nessa segunda-feira, 17, \u00a0na Avenida Juscelino Kubistchek, em Benfica, regi\u00e3o Norte de Juiz de Fora. Por volta das 23h30, ela passava a p\u00e9 pela via, nas redondezas da Pra\u00e7a CEU, quando foi abordada por dois indiv\u00edduos. Segundo a v\u00edtima, um dos autores estava armado e, ap\u00f3s amea\u00e7as, conseguiu [&hellip;]<\/p>\n","protected":false},"author":96,"featured_media":97342,"comment_status":"closed","ping_status":"closed","sticky":false,"template":"","format":"standard","meta":{"footnotes":""},"categories":[301],"tags":[],"class_list":["post-119773","post","type-post","status-publish","format-standard","has-post-thumbnail","hentry","category-artigos-policiais"],"_links":{"self":[{"href":"https:\/\/diarioregionaldigital.com.br\/index.php?rest_route=\/wp\/v2\/posts\/119773","targetHints":{"allow":["GET"]}}],"collection":[{"href":"https:\/\/diarioregionaldigital.com.br\/index.php?rest_route=\/wp\/v2\/posts"}],"about":[{"href":"https:\/\/diarioregionaldigital.com.br\/index.php?rest_route=\/wp\/v2\/types\/post"}],"author":[{"embeddable":true,"href":"https:\/\/diarioregionaldigital.com.br\/index.php?rest_route=\/wp\/v2\/users\/96"}],"replies":[{"embeddable":true,"href":"https:\/\/diarioregionaldigital.com.br\/index.php?rest_route=%2Fwp%2Fv2%2Fcomments&post=119773"}],"version-history":[{"count":0,"href":"https:\/\/diarioregionaldigital.com.br\/index.php?rest_route=\/wp\/v2\/posts\/119773\/revisions"}],"wp:featuredmedia":[{"embeddable":true,"href":"https:\/\/diarioregionaldigital.com.br\/index.php?rest_route=\/wp\/v2\/media\/97342"}],"wp:attachment":[{"href":"https:\/\/diarioregionaldigital.com.br\/index.php?rest_route=%2Fwp%2Fv2%2Fmedia&parent=119773"}],"wp:term":[{"taxonomy":"category","embeddable":true,"href":"https:\/\/diarioregionaldigital.com.br\/index.php?rest_route=%2Fwp%2Fv2%2Fcategories&post=119773"},{"taxonomy":"post_tag","embeddable":true,"href":"https:\/\/diarioregionaldigital.com.br\/index.php?rest_route=%2Fwp%2Fv2%2Ftags&post=119773"}],"curies":[{"name":"wp","href":"https:\/\/api.w.org\/{rel}","templated":true}]}}