{"id":119768,"date":"2018-09-18T08:05:49","date_gmt":"2018-09-18T11:05:49","guid":{"rendered":"https:\/\/diarioregionaldigital.com.br\/?p=119768"},"modified":"2018-09-18T08:09:05","modified_gmt":"2018-09-18T11:09:05","slug":"taxista-e-assaltado-no-bairro-santa-rita-3","status":"publish","type":"post","link":"https:\/\/diarioregionaldigital.com.br\/?p=119768","title":{"rendered":"Taxista \u00e9 assaltado no bairro Santa Rita"},"content":{"rendered":"<p>Um taxista, de 50 anos, foi assaltado nessa segunda-feira, 17, bairro Santa Rita, zona Leste de Juiz de Fora. De acordo com o motorista, ele estava encerrando uma corrida na Rua S\u00e3o Tarc\u00edsio, quando foi surpreendido por tr\u00eas indiv\u00edduos. Um deles estava armado com uma pistola e anunciou o assalto.<\/p>\n<p>Os autores conseguiram roubar R$110 e, ap\u00f3s o crime, fugiram pelo bairro e n\u00e3o foram localizados pela Pol\u00edcia Militar.<\/p>\n","protected":false},"excerpt":{"rendered":"<p>Um taxista, de 50 anos, foi assaltado nessa segunda-feira, 17, bairro Santa Rita, zona Leste de Juiz de Fora. De acordo com o motorista, ele estava encerrando uma corrida na Rua S\u00e3o Tarc\u00edsio, quando foi surpreendido por tr\u00eas indiv\u00edduos. Um deles estava armado com uma pistola e anunciou o assalto. Os autores conseguiram roubar R$110 [&hellip;]<\/p>\n","protected":false},"author":96,"featured_media":97342,"comment_status":"closed","ping_status":"closed","sticky":false,"template":"","format":"standard","meta":{"footnotes":""},"categories":[301],"tags":[],"class_list":["post-119768","post","type-post","status-publish","format-standard","has-post-thumbnail","hentry","category-artigos-policiais"],"_links":{"self":[{"href":"https:\/\/diarioregionaldigital.com.br\/index.php?rest_route=\/wp\/v2\/posts\/119768","targetHints":{"allow":["GET"]}}],"collection":[{"href":"https:\/\/diarioregionaldigital.com.br\/index.php?rest_route=\/wp\/v2\/posts"}],"about":[{"href":"https:\/\/diarioregionaldigital.com.br\/index.php?rest_route=\/wp\/v2\/types\/post"}],"author":[{"embeddable":true,"href":"https:\/\/diarioregionaldigital.com.br\/index.php?rest_route=\/wp\/v2\/users\/96"}],"replies":[{"embeddable":true,"href":"https:\/\/diarioregionaldigital.com.br\/index.php?rest_route=%2Fwp%2Fv2%2Fcomments&post=119768"}],"version-history":[{"count":0,"href":"https:\/\/diarioregionaldigital.com.br\/index.php?rest_route=\/wp\/v2\/posts\/119768\/revisions"}],"wp:featuredmedia":[{"embeddable":true,"href":"https:\/\/diarioregionaldigital.com.br\/index.php?rest_route=\/wp\/v2\/media\/97342"}],"wp:attachment":[{"href":"https:\/\/diarioregionaldigital.com.br\/index.php?rest_route=%2Fwp%2Fv2%2Fmedia&parent=119768"}],"wp:term":[{"taxonomy":"category","embeddable":true,"href":"https:\/\/diarioregionaldigital.com.br\/index.php?rest_route=%2Fwp%2Fv2%2Fcategories&post=119768"},{"taxonomy":"post_tag","embeddable":true,"href":"https:\/\/diarioregionaldigital.com.br\/index.php?rest_route=%2Fwp%2Fv2%2Ftags&post=119768"}],"curies":[{"name":"wp","href":"https:\/\/api.w.org\/{rel}","templated":true}]}}