{"id":119764,"date":"2018-09-18T08:01:07","date_gmt":"2018-09-18T11:01:07","guid":{"rendered":"https:\/\/diarioregionaldigital.com.br\/?p=119764"},"modified":"2018-09-18T08:14:01","modified_gmt":"2018-09-18T11:14:01","slug":"motos-sao-roubadas-no-centro-de-jf","status":"publish","type":"post","link":"https:\/\/diarioregionaldigital.com.br\/?p=119764","title":{"rendered":"Motos s\u00e3o roubadas no Centro de JF"},"content":{"rendered":"<p>Nessa segunda-feira, 17, dois roubos de motocicletas foram registrados pela Pol\u00edcia Militar na regi\u00e3o central de Juiz de Fora. Um deles foi na Avenida Get\u00falio Vargas, h\u00e1 poucos metros da esquina com a Rua Halfeld. Uma mulher, de 40 anos, havia estacionado a moto no local, por volta das 11h30. Segundo o relato dela \u00e0 Pol\u00edcia Militar (PM), ela foi trabalhar e, quando voltou, \u00e0s 20h30, n\u00e3o mais encontrou o ve\u00edculo.<\/p>\n<p>O segundo registro foi na Rua Fernando Lobo, ao lado da Catedral Metropolitana de Juiz de Fora. Uma jovem, de 28 anos, estacionou o ve\u00edculo na via, \u00e0s 19h40 e ao voltar, duas horas depois, percebeu que a moto n\u00e3o estava mais l\u00e1.<\/p>\n<p>A PM est\u00e1 investigando os casos, mas at\u00e9 agora, n\u00e3o h\u00e1 suspeitos e ningu\u00e9m foi preso.<\/p>\n","protected":false},"excerpt":{"rendered":"<p>Nessa segunda-feira, 17, dois roubos de motocicletas foram registrados pela Pol\u00edcia Militar na regi\u00e3o central de Juiz de Fora. Um deles foi na Avenida Get\u00falio Vargas, h\u00e1 poucos metros da esquina com a Rua Halfeld. Uma mulher, de 40 anos, havia estacionado a moto no local, por volta das 11h30. Segundo o relato dela \u00e0 [&hellip;]<\/p>\n","protected":false},"author":96,"featured_media":95836,"comment_status":"closed","ping_status":"closed","sticky":false,"template":"","format":"standard","meta":{"footnotes":""},"categories":[301],"tags":[],"class_list":["post-119764","post","type-post","status-publish","format-standard","has-post-thumbnail","hentry","category-artigos-policiais"],"_links":{"self":[{"href":"https:\/\/diarioregionaldigital.com.br\/index.php?rest_route=\/wp\/v2\/posts\/119764","targetHints":{"allow":["GET"]}}],"collection":[{"href":"https:\/\/diarioregionaldigital.com.br\/index.php?rest_route=\/wp\/v2\/posts"}],"about":[{"href":"https:\/\/diarioregionaldigital.com.br\/index.php?rest_route=\/wp\/v2\/types\/post"}],"author":[{"embeddable":true,"href":"https:\/\/diarioregionaldigital.com.br\/index.php?rest_route=\/wp\/v2\/users\/96"}],"replies":[{"embeddable":true,"href":"https:\/\/diarioregionaldigital.com.br\/index.php?rest_route=%2Fwp%2Fv2%2Fcomments&post=119764"}],"version-history":[{"count":0,"href":"https:\/\/diarioregionaldigital.com.br\/index.php?rest_route=\/wp\/v2\/posts\/119764\/revisions"}],"wp:featuredmedia":[{"embeddable":true,"href":"https:\/\/diarioregionaldigital.com.br\/index.php?rest_route=\/wp\/v2\/media\/95836"}],"wp:attachment":[{"href":"https:\/\/diarioregionaldigital.com.br\/index.php?rest_route=%2Fwp%2Fv2%2Fmedia&parent=119764"}],"wp:term":[{"taxonomy":"category","embeddable":true,"href":"https:\/\/diarioregionaldigital.com.br\/index.php?rest_route=%2Fwp%2Fv2%2Fcategories&post=119764"},{"taxonomy":"post_tag","embeddable":true,"href":"https:\/\/diarioregionaldigital.com.br\/index.php?rest_route=%2Fwp%2Fv2%2Ftags&post=119764"}],"curies":[{"name":"wp","href":"https:\/\/api.w.org\/{rel}","templated":true}]}}