{"id":119752,"date":"2018-09-18T06:01:57","date_gmt":"2018-09-18T09:01:57","guid":{"rendered":"https:\/\/diarioregionaldigital.com.br\/?p=119752"},"modified":"2018-09-17T19:05:31","modified_gmt":"2018-09-17T22:05:31","slug":"projeto-busca-inserir-deficiente-visual-no-mercado-de-trabalho","status":"publish","type":"post","link":"https:\/\/diarioregionaldigital.com.br\/?p=119752","title":{"rendered":"Projeto busca inserir deficiente visual no mercado de trabalho"},"content":{"rendered":"<p>Visando a inser\u00e7\u00e3o dos deficientes visuais no mercado de trabalho, a Associa\u00e7\u00e3o dos Cegos de Juiz de Fora lan\u00e7ou um projeto piloto, atrav\u00e9s da capacita\u00e7\u00e3o da Rede Cidad\u00e3. O Supermercado Bahamas abra\u00e7ou a causa, acolhendo esses novos profissionais no mercado. Cerca de cinco pessoas j\u00e1 come\u00e7aram a trabalhar.<\/p>\n<p>A assistente social da institui\u00e7\u00e3o e respons\u00e1vel pelo projeto, Maria Rachel Miranda, disse que h\u00e1 tr\u00eas anos percebeu o interesse neles em exercerem seus direitos de trabalharem, vendo no projeto uma forma de quebrar o preconceito e as barreiras existentes dentro do mercado. \u201cInfelizmente, muitos empres\u00e1rios acreditam que eles n\u00e3o sejam produtivos. Apesar de mandarem of\u00edcios para a associa\u00e7\u00e3o oferecendo vagas de emprego, quando eu os encaminhava, eles diziam que n\u00e3o podiam ser deficiente visual, que era s\u00f3 para constar que ofereceram a vaga para o Minist\u00e9rio do Trabalho\u201d, explicou.<\/p>\n<p>O projeto se desenvolve da mesma forma como o programa \u201cmenor aprendiz\u201d, apenas n\u00e3o tendo idade espec\u00edfica para participar. A capacita\u00e7\u00e3o acontece uma vez por semana, na Associa\u00e7\u00e3o dos Cegos, e nos outros quatro dias, o treinamento acontece j\u00e1 dentro da empresa. O programa ainda garante o benef\u00edcio da Lei de Amparo de Assist\u00eancia Social (LOAS).<\/p>\n<p>\u201cIsso representa derrubar barreiras, porque a sociedade, infelizmente, tem preconceito, mas \u00e9 devido \u00e0 falta de esclarecimento. O deficiente visual tem todos os outros sentidos preservados, sendo um ganho para a sociedade \u00e0 medida que v\u00e3o abrindo a cabe\u00e7a para este modo de vida\u201d, destacou Miranda, ressaltando que eles apenas est\u00e3o exercendo o seu direito de trabalhar e se inserirem na sociedade.<\/p>\n<p>Muitos integrantes da associa\u00e7\u00e3o est\u00e3o na espera de conseguirem fazer parte deste programa. Como existe ainda pouca disponibilidade de vagas, a assistente social pede que outras empresas se envolvam pela causa e abram suas portas para esses novos profissionais. \u201cPe\u00e7o que os empres\u00e1rios d\u00eaem mais oportunidades para essas pessoas, pois n\u00e3o \u00e9 porque eles possuem uma defici\u00eancia, que sejam completamente incapazes\u201d, ressaltou.<\/p>\n<p>&nbsp;<\/p>\n<p>&nbsp;<\/p>\n","protected":false},"excerpt":{"rendered":"<p>Visando a inser\u00e7\u00e3o dos deficientes visuais no mercado de trabalho, a Associa\u00e7\u00e3o dos Cegos de Juiz de Fora lan\u00e7ou um projeto piloto, atrav\u00e9s da capacita\u00e7\u00e3o da Rede Cidad\u00e3. O Supermercado Bahamas abra\u00e7ou a causa, acolhendo esses novos profissionais no mercado. Cerca de cinco pessoas j\u00e1 come\u00e7aram a trabalhar. A assistente social da institui\u00e7\u00e3o e respons\u00e1vel [&hellip;]<\/p>\n","protected":false},"author":96,"featured_media":119753,"comment_status":"closed","ping_status":"closed","sticky":false,"template":"","format":"standard","meta":{"footnotes":""},"categories":[253,440,439],"tags":[],"class_list":["post-119752","post","type-post","status-publish","format-standard","has-post-thumbnail","hentry","category-cidade","category-destaques-do-dia","category-ultima-hora"],"_links":{"self":[{"href":"https:\/\/diarioregionaldigital.com.br\/index.php?rest_route=\/wp\/v2\/posts\/119752","targetHints":{"allow":["GET"]}}],"collection":[{"href":"https:\/\/diarioregionaldigital.com.br\/index.php?rest_route=\/wp\/v2\/posts"}],"about":[{"href":"https:\/\/diarioregionaldigital.com.br\/index.php?rest_route=\/wp\/v2\/types\/post"}],"author":[{"embeddable":true,"href":"https:\/\/diarioregionaldigital.com.br\/index.php?rest_route=\/wp\/v2\/users\/96"}],"replies":[{"embeddable":true,"href":"https:\/\/diarioregionaldigital.com.br\/index.php?rest_route=%2Fwp%2Fv2%2Fcomments&post=119752"}],"version-history":[{"count":0,"href":"https:\/\/diarioregionaldigital.com.br\/index.php?rest_route=\/wp\/v2\/posts\/119752\/revisions"}],"wp:featuredmedia":[{"embeddable":true,"href":"https:\/\/diarioregionaldigital.com.br\/index.php?rest_route=\/wp\/v2\/media\/119753"}],"wp:attachment":[{"href":"https:\/\/diarioregionaldigital.com.br\/index.php?rest_route=%2Fwp%2Fv2%2Fmedia&parent=119752"}],"wp:term":[{"taxonomy":"category","embeddable":true,"href":"https:\/\/diarioregionaldigital.com.br\/index.php?rest_route=%2Fwp%2Fv2%2Fcategories&post=119752"},{"taxonomy":"post_tag","embeddable":true,"href":"https:\/\/diarioregionaldigital.com.br\/index.php?rest_route=%2Fwp%2Fv2%2Ftags&post=119752"}],"curies":[{"name":"wp","href":"https:\/\/api.w.org\/{rel}","templated":true}]}}