{"id":119740,"date":"2018-09-18T06:00:52","date_gmt":"2018-09-18T09:00:52","guid":{"rendered":"https:\/\/diarioregionaldigital.com.br\/?p=119740"},"modified":"2018-09-17T18:14:31","modified_gmt":"2018-09-17T21:14:31","slug":"artes-plasticas","status":"publish","type":"post","link":"https:\/\/diarioregionaldigital.com.br\/?p=119740","title":{"rendered":"Artes Pl\u00e1sticas"},"content":{"rendered":"<p style=\"text-align: center;\"><strong>\u201cDia D\u201d<\/strong><\/p>\n<p style=\"text-align: center;\">Mobiliza\u00e7\u00e3o total no circuito social de Juiz de Fora para a sess\u00e3o flor de laranjeira de D\u00e9bora Giotti de Paula e Gabriel Gervason Resende. Ser\u00e1 dia seis de outubro, \u00e0s vinte horas, na Igreja S\u00e3o Pedro. Ela, filha de C\u00e9lio Faria de Paula e M\u00e1rcia Maria Giotti de Paula. Ele, filho de Herbeth de Oliveira Resende e Maria de F\u00e1tima Gervason Resende. A recep\u00e7\u00e3o ser\u00e1 na Esta\u00e7\u00e3o S\u00e3o Pedro.<\/p>\n<p style=\"text-align: center;\"><strong>Olha S\u00f3<\/strong><\/p>\n<p style=\"text-align: center;\">O Instituto Brasileiro de Museus \u2013 Vinculado ao Minc \u2013, o IPHAN e \u00f3rg\u00e3os internacionais (como a Unesco e o Conselho Internacional de Museus) est\u00e3o criando um plano de resgate e salvamento do acervo do Museu Nacional. Querem garantir que as pe\u00e7as que resistiram ao inc\u00eandio sejam localizadas, catalogadas e recuperadas. Pesquisadores chegam ao Brasil na pr\u00f3xima semana para integrar o grupo.<\/p>\n<p style=\"text-align: center;\"><strong>No Tatame<\/strong><\/p>\n<p style=\"text-align: center;\">Wallace Souza Detoni est\u00e1 em estado alfa. Ele conquistou medalha de bronze no Campeonato Brasileiro de Taekwondo, no Rio. Em junho, ele subiu ao p\u00f3dio ao conquistar o Campeonato Mineiro de Taekwondo de Sarzelo, na Regi\u00e3o Metropolitana de Belo Horizonte.<\/p>\n<p style=\"text-align: center;\"><strong>Novidade<\/strong><\/p>\n<p style=\"text-align: center;\">At\u00e9 a decora\u00e7\u00e3o vem seguindo a linha fitness e segundo o arquiteto Lucas Lorhan os m\u00f3veis e objetos v\u00eam bem fininho para ocupar menos espa\u00e7o. Por exemplo: mesa raiz de Jader Almeida, espregui\u00e7adeiras Collectania, estante Dots e escrivaninha L\u00edder.<\/p>\n<p style=\"text-align: center;\"><strong>Ate Total<\/strong><\/p>\n<p style=\"text-align: center;\">A esta\u00e7\u00e3o Pinacoteca em S\u00e3o Paulo est\u00e1 valorizando a artista pl\u00e1stica mineira Valeska Soares. A exposi\u00e7\u00e3o Entrementes em momento panor\u00e2mica destaca 30 anos de produ\u00e7\u00e3o da artista radicada em Nova York. S\u00e3o 40 obras de diferentes suportes como instala\u00e7\u00f5es, pinturas e colagens, abordando as rela\u00e7\u00f5es entre espa\u00e7o e tempo.<\/p>\n<p style=\"text-align: center;\"><span style=\"font-size: 14pt;\"><strong>Artes Pl\u00e1sticas<\/strong><\/span><\/p>\n<p style=\"text-align: center;\">Usando como cen\u00e1rio a galeria MultSa\u00fade, em Matias Barbosa, a talentosa artista-pl\u00e1stica Rosemay Pitta promoveu a exposi\u00e7\u00e3o \u201cA arte de pintar os sonhos\u201d, com 29 bel\u00edssimas telas revestindo o espa\u00e7o de arte. As presen\u00e7as de amigos e familiares, declama\u00e7\u00e3o de poesias e do coral da cidade fizeram contraponto para a beleza do lugar. As fotos de Felipe Santos registram presen\u00e7as.<\/p>\n<div id=\"attachment_119726\" style=\"width: 690px\" class=\"wp-caption aligncenter\"><img loading=\"lazy\" decoding=\"async\" aria-describedby=\"caption-attachment-119726\" class=\"wp-image-119726\" src=\"https:\/\/diarioregionaldigital.com.br\/wp-content\/uploads\/2018\/09\/fotoa-10.jpg\" alt=\"\" width=\"680\" height=\"453\" srcset=\"https:\/\/diarioregionaldigital.com.br\/wp-content\/uploads\/2018\/09\/fotoa-10.jpg 960w, https:\/\/diarioregionaldigital.com.br\/wp-content\/uploads\/2018\/09\/fotoa-10-300x200.jpg 300w, https:\/\/diarioregionaldigital.com.br\/wp-content\/uploads\/2018\/09\/fotoa-10-768x512.jpg 768w, https:\/\/diarioregionaldigital.com.br\/wp-content\/uploads\/2018\/09\/fotoa-10-360x240.jpg 360w\" sizes=\"auto, (max-width: 680px) 100vw, 680px\" \/><p id=\"caption-attachment-119726\" class=\"wp-caption-text\">A artista pl\u00e1stica Rosemay Pitta ladeada de Isadora Travnik, Mathias Travnik, Gustavo Travnik e Helena Travnik<\/p><\/div>\n<div id=\"attachment_119727\" style=\"width: 690px\" class=\"wp-caption aligncenter\"><img loading=\"lazy\" decoding=\"async\" aria-describedby=\"caption-attachment-119727\" class=\"wp-image-119727\" src=\"https:\/\/diarioregionaldigital.com.br\/wp-content\/uploads\/2018\/09\/fotob-8.jpg\" alt=\"\" width=\"680\" height=\"453\" srcset=\"https:\/\/diarioregionaldigital.com.br\/wp-content\/uploads\/2018\/09\/fotob-8.jpg 960w, https:\/\/diarioregionaldigital.com.br\/wp-content\/uploads\/2018\/09\/fotob-8-300x200.jpg 300w, https:\/\/diarioregionaldigital.com.br\/wp-content\/uploads\/2018\/09\/fotob-8-768x512.jpg 768w, https:\/\/diarioregionaldigital.com.br\/wp-content\/uploads\/2018\/09\/fotob-8-360x240.jpg 360w\" sizes=\"auto, (max-width: 680px) 100vw, 680px\" \/><p id=\"caption-attachment-119727\" class=\"wp-caption-text\">F\u00e1bio Ramos, Marcelle Oliveira, Rosemay Pitta e Claudir Macedo<\/p><\/div>\n<div id=\"attachment_119728\" style=\"width: 690px\" class=\"wp-caption aligncenter\"><img loading=\"lazy\" decoding=\"async\" aria-describedby=\"caption-attachment-119728\" class=\"wp-image-119728\" src=\"https:\/\/diarioregionaldigital.com.br\/wp-content\/uploads\/2018\/09\/fotoc-7.jpg\" alt=\"\" width=\"680\" height=\"453\" srcset=\"https:\/\/diarioregionaldigital.com.br\/wp-content\/uploads\/2018\/09\/fotoc-7.jpg 960w, https:\/\/diarioregionaldigital.com.br\/wp-content\/uploads\/2018\/09\/fotoc-7-300x200.jpg 300w, https:\/\/diarioregionaldigital.com.br\/wp-content\/uploads\/2018\/09\/fotoc-7-768x512.jpg 768w, https:\/\/diarioregionaldigital.com.br\/wp-content\/uploads\/2018\/09\/fotoc-7-360x240.jpg 360w\" sizes=\"auto, (max-width: 680px) 100vw, 680px\" \/><p id=\"caption-attachment-119728\" class=\"wp-caption-text\">Eva Cristina dos Reis, Peter Travnik, Rosemay Pitta e Helena Travnik<\/p><\/div>\n<div id=\"attachment_119729\" style=\"width: 690px\" class=\"wp-caption aligncenter\"><img loading=\"lazy\" decoding=\"async\" aria-describedby=\"caption-attachment-119729\" class=\"wp-image-119729\" src=\"https:\/\/diarioregionaldigital.com.br\/wp-content\/uploads\/2018\/09\/fotod-6-e1537218493635.jpg\" alt=\"\" width=\"680\" height=\"478\" srcset=\"https:\/\/diarioregionaldigital.com.br\/wp-content\/uploads\/2018\/09\/fotod-6-e1537218493635.jpg 907w, https:\/\/diarioregionaldigital.com.br\/wp-content\/uploads\/2018\/09\/fotod-6-e1537218493635-300x210.jpg 300w, https:\/\/diarioregionaldigital.com.br\/wp-content\/uploads\/2018\/09\/fotod-6-e1537218493635-768x540.jpg 768w, https:\/\/diarioregionaldigital.com.br\/wp-content\/uploads\/2018\/09\/fotod-6-e1537218493635-360x253.jpg 360w, https:\/\/diarioregionaldigital.com.br\/wp-content\/uploads\/2018\/09\/fotod-6-e1537218493635-100x70.jpg 100w\" sizes=\"auto, (max-width: 680px) 100vw, 680px\" \/><p id=\"caption-attachment-119729\" class=\"wp-caption-text\">Sandra, F\u00e1bio Ramos, Rosemay Pitta e Elis Almeida<\/p><\/div>\n<div id=\"attachment_119730\" style=\"width: 690px\" class=\"wp-caption aligncenter\"><img loading=\"lazy\" decoding=\"async\" aria-describedby=\"caption-attachment-119730\" class=\"wp-image-119730\" src=\"https:\/\/diarioregionaldigital.com.br\/wp-content\/uploads\/2018\/09\/fotoe-8.jpg\" alt=\"\" width=\"680\" height=\"453\" srcset=\"https:\/\/diarioregionaldigital.com.br\/wp-content\/uploads\/2018\/09\/fotoe-8.jpg 960w, https:\/\/diarioregionaldigital.com.br\/wp-content\/uploads\/2018\/09\/fotoe-8-300x200.jpg 300w, https:\/\/diarioregionaldigital.com.br\/wp-content\/uploads\/2018\/09\/fotoe-8-768x512.jpg 768w, https:\/\/diarioregionaldigital.com.br\/wp-content\/uploads\/2018\/09\/fotoe-8-360x240.jpg 360w\" sizes=\"auto, (max-width: 680px) 100vw, 680px\" \/><p id=\"caption-attachment-119730\" class=\"wp-caption-text\">Vera L\u00facia Oliveira, Marcelle Oliveira, Regina Vulmar e F\u00e1bio Picinini<\/p><\/div>\n<div id=\"attachment_119731\" style=\"width: 690px\" class=\"wp-caption aligncenter\"><img loading=\"lazy\" decoding=\"async\" aria-describedby=\"caption-attachment-119731\" class=\"wp-image-119731\" src=\"https:\/\/diarioregionaldigital.com.br\/wp-content\/uploads\/2018\/09\/fotof-6-e1537218513138.jpg\" alt=\"\" width=\"680\" height=\"482\" srcset=\"https:\/\/diarioregionaldigital.com.br\/wp-content\/uploads\/2018\/09\/fotof-6-e1537218513138.jpg 902w, https:\/\/diarioregionaldigital.com.br\/wp-content\/uploads\/2018\/09\/fotof-6-e1537218513138-300x213.jpg 300w, https:\/\/diarioregionaldigital.com.br\/wp-content\/uploads\/2018\/09\/fotof-6-e1537218513138-768x545.jpg 768w, https:\/\/diarioregionaldigital.com.br\/wp-content\/uploads\/2018\/09\/fotof-6-e1537218513138-750x530.jpg 750w, https:\/\/diarioregionaldigital.com.br\/wp-content\/uploads\/2018\/09\/fotof-6-e1537218513138-360x255.jpg 360w, https:\/\/diarioregionaldigital.com.br\/wp-content\/uploads\/2018\/09\/fotof-6-e1537218513138-100x70.jpg 100w\" sizes=\"auto, (max-width: 680px) 100vw, 680px\" \/><p id=\"caption-attachment-119731\" class=\"wp-caption-text\">Tha\u00eds Albuquerque e Solange Medeiros<\/p><\/div>\n<div id=\"attachment_119732\" style=\"width: 690px\" class=\"wp-caption aligncenter\"><img loading=\"lazy\" decoding=\"async\" aria-describedby=\"caption-attachment-119732\" class=\"wp-image-119732\" src=\"https:\/\/diarioregionaldigital.com.br\/wp-content\/uploads\/2018\/09\/fotog-8.jpg\" alt=\"\" width=\"680\" height=\"453\" srcset=\"https:\/\/diarioregionaldigital.com.br\/wp-content\/uploads\/2018\/09\/fotog-8.jpg 960w, https:\/\/diarioregionaldigital.com.br\/wp-content\/uploads\/2018\/09\/fotog-8-300x200.jpg 300w, https:\/\/diarioregionaldigital.com.br\/wp-content\/uploads\/2018\/09\/fotog-8-768x512.jpg 768w, https:\/\/diarioregionaldigital.com.br\/wp-content\/uploads\/2018\/09\/fotog-8-360x240.jpg 360w\" sizes=\"auto, (max-width: 680px) 100vw, 680px\" \/><p id=\"caption-attachment-119732\" class=\"wp-caption-text\">Luciano Ribeiro, Rafael Rodrigues e Claudir Macedo<\/p><\/div>\n<div id=\"attachment_119733\" style=\"width: 690px\" class=\"wp-caption aligncenter\"><img loading=\"lazy\" decoding=\"async\" aria-describedby=\"caption-attachment-119733\" class=\"wp-image-119733\" src=\"https:\/\/diarioregionaldigital.com.br\/wp-content\/uploads\/2018\/09\/fotoh-8.jpg\" alt=\"\" width=\"680\" height=\"453\" srcset=\"https:\/\/diarioregionaldigital.com.br\/wp-content\/uploads\/2018\/09\/fotoh-8.jpg 960w, https:\/\/diarioregionaldigital.com.br\/wp-content\/uploads\/2018\/09\/fotoh-8-300x200.jpg 300w, https:\/\/diarioregionaldigital.com.br\/wp-content\/uploads\/2018\/09\/fotoh-8-768x512.jpg 768w, https:\/\/diarioregionaldigital.com.br\/wp-content\/uploads\/2018\/09\/fotoh-8-360x240.jpg 360w\" sizes=\"auto, (max-width: 680px) 100vw, 680px\" \/><p id=\"caption-attachment-119733\" class=\"wp-caption-text\">Claudir Macedo, Luciano Martins, Wilmara Vital, Get\u00falio Macedo e F\u00e1bio Ramos<\/p><\/div>\n<div id=\"attachment_119734\" style=\"width: 690px\" class=\"wp-caption aligncenter\"><img loading=\"lazy\" decoding=\"async\" aria-describedby=\"caption-attachment-119734\" class=\"wp-image-119734\" src=\"https:\/\/diarioregionaldigital.com.br\/wp-content\/uploads\/2018\/09\/fotoi-10.jpg\" alt=\"\" width=\"680\" height=\"453\" srcset=\"https:\/\/diarioregionaldigital.com.br\/wp-content\/uploads\/2018\/09\/fotoi-10.jpg 960w, https:\/\/diarioregionaldigital.com.br\/wp-content\/uploads\/2018\/09\/fotoi-10-300x200.jpg 300w, https:\/\/diarioregionaldigital.com.br\/wp-content\/uploads\/2018\/09\/fotoi-10-768x512.jpg 768w, https:\/\/diarioregionaldigital.com.br\/wp-content\/uploads\/2018\/09\/fotoi-10-360x240.jpg 360w\" sizes=\"auto, (max-width: 680px) 100vw, 680px\" \/><p id=\"caption-attachment-119734\" class=\"wp-caption-text\">Peter Travnik, Rosemay Pitta e Albert Travnik<\/p><\/div>\n<div id=\"attachment_119735\" style=\"width: 690px\" class=\"wp-caption aligncenter\"><img loading=\"lazy\" decoding=\"async\" aria-describedby=\"caption-attachment-119735\" class=\"wp-image-119735\" src=\"https:\/\/diarioregionaldigital.com.br\/wp-content\/uploads\/2018\/09\/fotoj-5.jpg\" alt=\"\" width=\"680\" height=\"453\" srcset=\"https:\/\/diarioregionaldigital.com.br\/wp-content\/uploads\/2018\/09\/fotoj-5.jpg 960w, https:\/\/diarioregionaldigital.com.br\/wp-content\/uploads\/2018\/09\/fotoj-5-300x200.jpg 300w, https:\/\/diarioregionaldigital.com.br\/wp-content\/uploads\/2018\/09\/fotoj-5-768x512.jpg 768w, https:\/\/diarioregionaldigital.com.br\/wp-content\/uploads\/2018\/09\/fotoj-5-360x240.jpg 360w\" sizes=\"auto, (max-width: 680px) 100vw, 680px\" \/><p id=\"caption-attachment-119735\" class=\"wp-caption-text\">Lucimara Agostini e Maria Jos\u00e9 Rocha Pitta<\/p><\/div>\n<div id=\"attachment_119736\" style=\"width: 690px\" class=\"wp-caption aligncenter\"><img loading=\"lazy\" decoding=\"async\" aria-describedby=\"caption-attachment-119736\" class=\"wp-image-119736\" src=\"https:\/\/diarioregionaldigital.com.br\/wp-content\/uploads\/2018\/09\/fotol-3.jpg\" alt=\"\" width=\"680\" height=\"453\" srcset=\"https:\/\/diarioregionaldigital.com.br\/wp-content\/uploads\/2018\/09\/fotol-3.jpg 960w, https:\/\/diarioregionaldigital.com.br\/wp-content\/uploads\/2018\/09\/fotol-3-300x200.jpg 300w, https:\/\/diarioregionaldigital.com.br\/wp-content\/uploads\/2018\/09\/fotol-3-768x512.jpg 768w, https:\/\/diarioregionaldigital.com.br\/wp-content\/uploads\/2018\/09\/fotol-3-360x240.jpg 360w\" sizes=\"auto, (max-width: 680px) 100vw, 680px\" \/><p id=\"caption-attachment-119736\" class=\"wp-caption-text\">A iluminada Rosemay Pitta com Marino e Aparecida<\/p><\/div>\n<p style=\"text-align: center;\"><strong>FOTOSS\u00cdNTESE<\/strong><\/p>\n<p>Na agenda musical deste colunista para dia 22 de setembro o super show do cantor Nando Reis no Capit\u00f3lio. A abertura da casa para o p\u00fablico ser\u00e1 \u00e0s 21h e o show a meia noite.<\/p>\n<p>O Tupi conquistou o t\u00edtulo de tricampe\u00e3o de futebol de mesa com o quinteto fazendo hist\u00f3ria na 38 edi\u00e7\u00e3o do Campeonato Brasileiro Interclubes no Est\u00e1dio Ol\u00edmpico Nilton Santos, o popular Engenh\u00e3o, no Rio de Janeiro.<\/p>\n<p>O juiz Luiz Guilherme Marques comemorou em grande estilo 31 anos de atua\u00e7\u00e3o na magistratura com \u00e9tica e seriedade.<\/p>\n<p>Juntando todos os padeiros de Juiz de Fora, ser\u00e1 no dia 27 de outubro a 22\u00aa edi\u00e7\u00e3o do Encontro de Panificadores e Fornecedores.<\/p>\n<p>Para marcar o Dia de Nossa Senhora do Bonsucesso, o presidente da Santa Casa de Miseric\u00f3rdia de Juiz de Fora Renato Villela Loures, foi homenageado pela Santa Casa do Rio de Janeiro, pelo atendimento prestado ao candidato Jair Bolsonaro.<\/p>\n<p>S\u00f4nia Mara Juste e Yolanda Negreiros participaram da 4\u00aa edi\u00e7\u00e3o da oficina \u201cElas pintam e bordam\u201d na qual \u00e9 capacitada mulheres para saberem o b\u00e1sico na \u00e1rea, el\u00e9trica e realizarem pequenos reparos na \u00e1rea dom\u00e9stica. A coordena\u00e7\u00e3o foi das engenheiras Ol\u00edvia Gomes e Carolina Lacorte.<\/p>\n<p>Com grupo de m\u00e3es, apoiadores e funcion\u00e1rios do Banco de Leite Humano se reuniu na sede do Departamento de Sa\u00fade da Crian\u00e7a e do Adolescente para um ato pac\u00edfico, em prol dos servi\u00e7os oferecidos pelo banco.<\/p>\n<p>Professora de teatro e produtora cultural, Juliana James lan\u00e7ou, em manh\u00e3 concorrida no SESC\/JF, seu livro \u201cC\u00e9u de Outono\u201d.<\/p>\n<p>A Planet esteve lotada para o lan\u00e7amento do livro \u201cPl\u00ednio Salgado\u201d: um cat\u00f3lico integralista entre o Portugal e o Brasil (1895 \u2013 1975). O livro autoral \u00e9 assinado pelo professor adjunto do Departamento de Hist\u00f3ria da UFJF.<\/p>\n<p>Est\u00e1 muito bonita e com roupas transadas a loja tempor\u00e1ria da Farm no Independ\u00eancia Shopping. Nas araras, a cole\u00e7\u00e3o ver\u00e3o inspirada na natureza.<\/p>\n<p>Para as translumbrantes: Se as pessoas soubessem como funcionam as coisas, os pobres e a classe m\u00e9dia fariam uma revolu\u00e7\u00e3o (Tico Santa Cruz). Bom dia.<\/p>\n","protected":false},"excerpt":{"rendered":"<p>\u201cDia D\u201d Mobiliza\u00e7\u00e3o total no circuito social de Juiz de Fora para a sess\u00e3o flor de laranjeira de D\u00e9bora Giotti de Paula e Gabriel Gervason Resende. Ser\u00e1 dia seis de outubro, \u00e0s vinte horas, na Igreja S\u00e3o Pedro. Ela, filha de C\u00e9lio Faria de Paula e M\u00e1rcia Maria Giotti de Paula. Ele, filho de Herbeth [&hellip;]<\/p>\n","protected":false},"author":96,"featured_media":119726,"comment_status":"closed","ping_status":"closed","sticky":false,"template":"","format":"standard","meta":{"footnotes":""},"categories":[264],"tags":[],"class_list":["post-119740","post","type-post","status-publish","format-standard","has-post-thumbnail","hentry","category-eduardo-gomes"],"_links":{"self":[{"href":"https:\/\/diarioregionaldigital.com.br\/index.php?rest_route=\/wp\/v2\/posts\/119740","targetHints":{"allow":["GET"]}}],"collection":[{"href":"https:\/\/diarioregionaldigital.com.br\/index.php?rest_route=\/wp\/v2\/posts"}],"about":[{"href":"https:\/\/diarioregionaldigital.com.br\/index.php?rest_route=\/wp\/v2\/types\/post"}],"author":[{"embeddable":true,"href":"https:\/\/diarioregionaldigital.com.br\/index.php?rest_route=\/wp\/v2\/users\/96"}],"replies":[{"embeddable":true,"href":"https:\/\/diarioregionaldigital.com.br\/index.php?rest_route=%2Fwp%2Fv2%2Fcomments&post=119740"}],"version-history":[{"count":0,"href":"https:\/\/diarioregionaldigital.com.br\/index.php?rest_route=\/wp\/v2\/posts\/119740\/revisions"}],"wp:featuredmedia":[{"embeddable":true,"href":"https:\/\/diarioregionaldigital.com.br\/index.php?rest_route=\/wp\/v2\/media\/119726"}],"wp:attachment":[{"href":"https:\/\/diarioregionaldigital.com.br\/index.php?rest_route=%2Fwp%2Fv2%2Fmedia&parent=119740"}],"wp:term":[{"taxonomy":"category","embeddable":true,"href":"https:\/\/diarioregionaldigital.com.br\/index.php?rest_route=%2Fwp%2Fv2%2Fcategories&post=119740"},{"taxonomy":"post_tag","embeddable":true,"href":"https:\/\/diarioregionaldigital.com.br\/index.php?rest_route=%2Fwp%2Fv2%2Ftags&post=119740"}],"curies":[{"name":"wp","href":"https:\/\/api.w.org\/{rel}","templated":true}]}}