{"id":119723,"date":"2018-09-17T14:37:32","date_gmt":"2018-09-17T17:37:32","guid":{"rendered":"https:\/\/diarioregionaldigital.com.br\/?p=119723"},"modified":"2018-09-17T14:37:32","modified_gmt":"2018-09-17T17:37:32","slug":"henrique-avancini-conquista-titulo-historico-para-o-ciclismo-brasileiro","status":"publish","type":"post","link":"https:\/\/diarioregionaldigital.com.br\/?p=119723","title":{"rendered":"Henrique Avancini conquista t\u00edtulo hist\u00f3rico para o ciclismo brasileiro"},"content":{"rendered":"<p>O ciclista brasileiro Henrique Avancini conquistou no \u00faltimo s\u00e1bado, 15, \u00a0o t\u00edtulo in\u00e9dito no Campeonato Mundial de Mountain Bike Marathon, realizado na cidade de Auronzo, na It\u00e1lia.<\/p>\n<p>Apenas uma semana ap\u00f3s ter repetido o quarto lugar hist\u00f3rico no Mundial de XCO, Henrique Avancini desembarcou na It\u00e1lia para disputar o Campeonato Mundial de Marathon, disciplina que exige muita resist\u00eancia e supera\u00e7\u00e3o dos competidores.<\/p>\n<p>Demonstrando ser hoje um dos ciclistas mais completos do cen\u00e1rio internacional, Henrique Avancini largou confiante e fez uma prova t\u00e1tica impec\u00e1vel, sempre testando os advers\u00e1rios e aplicando ataques agressivos que aos poucos foi contribuindo para a sele\u00e7\u00e3o do grupo principal.<\/p>\n<p>Nos \u00faltimos quil\u00f4metros, Avancini e o austr\u00edaco Daniel Geismayr travaram uma disputa acirrada pela primeira coloca\u00e7\u00e3o. Mas o t\u00edtulo mundial ficou com brasileiro, que mais uma vez escreveu seu nome com um resultado hist\u00f3rico para o ciclismo brasileiro.<\/p>\n<p>&#8220;Eu sabia que estava em boa forma, mas tamb\u00e9m sabia que n\u00e3o seria f\u00e1cil. Para tentar buscar o p\u00f3dio eu tentei quebrar o ritmo dos ciclistas do Marathon e acho que consegui. Estou muito feliz e emocionado por levar um t\u00edtulo dessa magnitude para o Brasil&#8221;, declarou Avancini.<\/p>\n<p><em><strong>Fonte: CBC<\/strong><\/em><\/p>\n","protected":false},"excerpt":{"rendered":"<p>O ciclista brasileiro Henrique Avancini conquistou no \u00faltimo s\u00e1bado, 15, \u00a0o t\u00edtulo in\u00e9dito no Campeonato Mundial de Mountain Bike Marathon, realizado na cidade de Auronzo, na It\u00e1lia. Apenas uma semana ap\u00f3s ter repetido o quarto lugar hist\u00f3rico no Mundial de XCO, Henrique Avancini desembarcou na It\u00e1lia para disputar o Campeonato Mundial de Marathon, disciplina que [&hellip;]<\/p>\n","protected":false},"author":96,"featured_media":119724,"comment_status":"closed","ping_status":"closed","sticky":false,"template":"","format":"standard","meta":{"footnotes":""},"categories":[257,439],"tags":[],"class_list":["post-119723","post","type-post","status-publish","format-standard","has-post-thumbnail","hentry","category-esporte","category-ultima-hora"],"_links":{"self":[{"href":"https:\/\/diarioregionaldigital.com.br\/index.php?rest_route=\/wp\/v2\/posts\/119723","targetHints":{"allow":["GET"]}}],"collection":[{"href":"https:\/\/diarioregionaldigital.com.br\/index.php?rest_route=\/wp\/v2\/posts"}],"about":[{"href":"https:\/\/diarioregionaldigital.com.br\/index.php?rest_route=\/wp\/v2\/types\/post"}],"author":[{"embeddable":true,"href":"https:\/\/diarioregionaldigital.com.br\/index.php?rest_route=\/wp\/v2\/users\/96"}],"replies":[{"embeddable":true,"href":"https:\/\/diarioregionaldigital.com.br\/index.php?rest_route=%2Fwp%2Fv2%2Fcomments&post=119723"}],"version-history":[{"count":0,"href":"https:\/\/diarioregionaldigital.com.br\/index.php?rest_route=\/wp\/v2\/posts\/119723\/revisions"}],"wp:featuredmedia":[{"embeddable":true,"href":"https:\/\/diarioregionaldigital.com.br\/index.php?rest_route=\/wp\/v2\/media\/119724"}],"wp:attachment":[{"href":"https:\/\/diarioregionaldigital.com.br\/index.php?rest_route=%2Fwp%2Fv2%2Fmedia&parent=119723"}],"wp:term":[{"taxonomy":"category","embeddable":true,"href":"https:\/\/diarioregionaldigital.com.br\/index.php?rest_route=%2Fwp%2Fv2%2Fcategories&post=119723"},{"taxonomy":"post_tag","embeddable":true,"href":"https:\/\/diarioregionaldigital.com.br\/index.php?rest_route=%2Fwp%2Fv2%2Ftags&post=119723"}],"curies":[{"name":"wp","href":"https:\/\/api.w.org\/{rel}","templated":true}]}}