{"id":119719,"date":"2018-09-17T14:28:55","date_gmt":"2018-09-17T17:28:55","guid":{"rendered":"https:\/\/diarioregionaldigital.com.br\/?p=119719"},"modified":"2018-09-17T14:28:55","modified_gmt":"2018-09-17T17:28:55","slug":"11a-semana-paralimpica-emocao-e-superacao-no-evento-de-abertura","status":"publish","type":"post","link":"https:\/\/diarioregionaldigital.com.br\/?p=119719","title":{"rendered":"\u201c11\u00aa Semana Paral\u00edmpica\u201d: emo\u00e7\u00e3o e supera\u00e7\u00e3o no evento de abertura"},"content":{"rendered":"<p>Ao entrar no Gin\u00e1sio Poliesportivo da Secretaria de Esporte e Lazer (SEL), da Prefeitura de Juiz de Fora (PJF), na manh\u00e3 do s\u00e1bado, 15, j\u00e1 era poss\u00edvel perceber o clima de descontra\u00e7\u00e3o. Atletas e professores se concentravam para o in\u00edcio da cerim\u00f4nia de abertura da \u201c11\u00aa Semana Paral\u00edmpica\u201d, evento da SEL que, entre os dias 17 e 22, promove o esporte para as pessoas com defici\u00eancia. Na presen\u00e7a de mais de cem amigos, familiares e convidados, os jogadores desfilaram representando as modalidades atletismo, bocha paral\u00edmpica, nata\u00e7\u00e3o, futebol paral\u00edmpico, goalball e polybat.<\/p>\n<p>Esta edi\u00e7\u00e3o da \u201cSemana Paral\u00edmpica\u201d teve recorde de inscri\u00e7\u00f5es, com 260 interessados, e conta com a parceria do Grupo Bahamas, Universidade Oeste do Paran\u00e1 (Unopar), Integrar, Ortojuf e Aloha. A bandeira do Brasil foi carregada pelo atleta Jader Amorim, da nata\u00e7\u00e3o e do atletismo. Wendel Alves, da bocha e do futebol, o seguiu, com a bandeira de Minas Gerais. A atleta de goalball, atletismo e nata\u00e7\u00e3o, Ros\u00e2ngela Celestino, levou a bandeira do munic\u00edpio. A abertura oficial, declarada pelo secret\u00e1rio de Esporte e Lazer, J\u00falio Gasparette, foi acompanhada por chuva de prata.<\/p>\n<p>Na sequ\u00eancia, o grupo de dan\u00e7a do Centro de Educa\u00e7\u00e3o de Jovens e Adultos \u201cDr Geraldo Moutinho\u201d (CEM), da Secretaria de Educa\u00e7\u00e3o, levou aos presentes uma reflex\u00e3o sobre o encontro das rela\u00e7\u00f5es humanas, com um trecho do espet\u00e1culo \u201cEntre N\u00f3s\u201d. Dan\u00e7arinos, com e sem defici\u00eancia, interagiram com os atletas que assistiam \u00e0 apresenta\u00e7\u00e3o. Os meninos da gin\u00e1stica de solo da Escola Estadual Professor Jos\u00e9 Eutr\u00f3pio e do Col\u00e9gio Cristo Redentor\/Academia de Com\u00e9rcio realizaram acrobacias com elementos b\u00e1sicos da modalidade. O evento foi encerrado com a apresenta\u00e7\u00e3o do coral dos alunos do Programa JF Paral\u00edmpico, da SEL, que entoaram a m\u00fasica \u201cConquistando o Imposs\u00edvel\u201d e emocionaram os presentes.<\/p>\n<p>A entrada nos jogos da \u201cSemana Paral\u00edmpica\u201d \u00e9 gratuita e aberta ao p\u00fablico. Dos dias 17 a 20, a partir das 14 horas, no Gin\u00e1sio da SEL, na Rua Cust\u00f3dio Trist\u00e3o, 10, acontecem a bocha, 17, polybat, 18, futebol paraol\u00edmpico, 19, e goalball, 20. Na quinta-feira, 21, no Campus da UFJF, na Faculdade de Educa\u00e7\u00e3o F\u00edsica e Desportos, a partir das 8h30 \u00e9 a vez do atletismo. J\u00e1, no s\u00e1bado, 22, os atletas da nata\u00e7\u00e3o entram na piscina \u00e0s 9 horas, no Instituto Metodista Granbery.<\/p>\n<p><strong>Fonte: Assessoria\/PJF <\/strong><\/p>\n","protected":false},"excerpt":{"rendered":"<p>Ao entrar no Gin\u00e1sio Poliesportivo da Secretaria de Esporte e Lazer (SEL), da Prefeitura de Juiz de Fora (PJF), na manh\u00e3 do s\u00e1bado, 15, j\u00e1 era poss\u00edvel perceber o clima de descontra\u00e7\u00e3o. Atletas e professores se concentravam para o in\u00edcio da cerim\u00f4nia de abertura da \u201c11\u00aa Semana Paral\u00edmpica\u201d, evento da SEL que, entre os dias [&hellip;]<\/p>\n","protected":false},"author":96,"featured_media":119720,"comment_status":"closed","ping_status":"closed","sticky":false,"template":"","format":"standard","meta":{"footnotes":""},"categories":[257,439],"tags":[],"class_list":["post-119719","post","type-post","status-publish","format-standard","has-post-thumbnail","hentry","category-esporte","category-ultima-hora"],"_links":{"self":[{"href":"https:\/\/diarioregionaldigital.com.br\/index.php?rest_route=\/wp\/v2\/posts\/119719","targetHints":{"allow":["GET"]}}],"collection":[{"href":"https:\/\/diarioregionaldigital.com.br\/index.php?rest_route=\/wp\/v2\/posts"}],"about":[{"href":"https:\/\/diarioregionaldigital.com.br\/index.php?rest_route=\/wp\/v2\/types\/post"}],"author":[{"embeddable":true,"href":"https:\/\/diarioregionaldigital.com.br\/index.php?rest_route=\/wp\/v2\/users\/96"}],"replies":[{"embeddable":true,"href":"https:\/\/diarioregionaldigital.com.br\/index.php?rest_route=%2Fwp%2Fv2%2Fcomments&post=119719"}],"version-history":[{"count":0,"href":"https:\/\/diarioregionaldigital.com.br\/index.php?rest_route=\/wp\/v2\/posts\/119719\/revisions"}],"wp:featuredmedia":[{"embeddable":true,"href":"https:\/\/diarioregionaldigital.com.br\/index.php?rest_route=\/wp\/v2\/media\/119720"}],"wp:attachment":[{"href":"https:\/\/diarioregionaldigital.com.br\/index.php?rest_route=%2Fwp%2Fv2%2Fmedia&parent=119719"}],"wp:term":[{"taxonomy":"category","embeddable":true,"href":"https:\/\/diarioregionaldigital.com.br\/index.php?rest_route=%2Fwp%2Fv2%2Fcategories&post=119719"},{"taxonomy":"post_tag","embeddable":true,"href":"https:\/\/diarioregionaldigital.com.br\/index.php?rest_route=%2Fwp%2Fv2%2Ftags&post=119719"}],"curies":[{"name":"wp","href":"https:\/\/api.w.org\/{rel}","templated":true}]}}