{"id":119706,"date":"2018-09-17T11:59:58","date_gmt":"2018-09-17T14:59:58","guid":{"rendered":"https:\/\/diarioregionaldigital.com.br\/?p=119706"},"modified":"2018-09-17T11:59:58","modified_gmt":"2018-09-17T14:59:58","slug":"ubs-do-bairro-esplanada-fica-fechada-4-dias-para-reforma","status":"publish","type":"post","link":"https:\/\/diarioregionaldigital.com.br\/?p=119706","title":{"rendered":"UBS do Bairro Esplanada fica fechada 4 dias para reforma"},"content":{"rendered":"<p>Os servi\u00e7os da Unidade B\u00e1sica de Sa\u00fade (UBS) do Bairro Esplanada ser\u00e3o suspensos entre os dias 18 e 21 deste m\u00eas, para execu\u00e7\u00e3o de parte das obras de reforma da estrutura f\u00edsica da unidade. Consultas e outros procedimentos marcados para estes dias ser\u00e3o reagendados, sem preju\u00edzos para os usu\u00e1rios.<\/p>\n<p>A UBS passar\u00e1 por troca de pisos e reconstru\u00e7\u00e3o de paredes. O atendimento na unidade ser\u00e1 retomado na pr\u00f3xima segunda-feira, 24. Outras quatro unidades de sa\u00fade est\u00e3o passando por reformas, para melhorar o atendimento \u00e0 popula\u00e7\u00e3o e as condi\u00e7\u00f5es de trabalho dos funcion\u00e1rios, nos bairros Santos Dumont, Igrejinha, Caet\u00e9 e Nossa Senhora das Gra\u00e7as, que s\u00e3o refer\u00eancia para mais de 40 mil juiz-foranos, e somam um investimento de cerca de R$ 400 mil.<\/p>\n<p>Todos os espa\u00e7os foram projetados de acordo com as normas de Vigil\u00e2ncia Sanit\u00e1ria e de Seguran\u00e7a do Corpo de Bombeiros. As obras foram viabilizadas por emendas parlamentares.<\/p>\n<p>&nbsp;<\/p>\n<p>Fonte: Assessoria PJF<\/p>\n","protected":false},"excerpt":{"rendered":"<p>Os servi\u00e7os da Unidade B\u00e1sica de Sa\u00fade (UBS) do Bairro Esplanada ser\u00e3o suspensos entre os dias 18 e 21 deste m\u00eas, para execu\u00e7\u00e3o de parte das obras de reforma da estrutura f\u00edsica da unidade. Consultas e outros procedimentos marcados para estes dias ser\u00e3o reagendados, sem preju\u00edzos para os usu\u00e1rios. A UBS passar\u00e1 por troca de [&hellip;]<\/p>\n","protected":false},"author":96,"featured_media":98091,"comment_status":"closed","ping_status":"closed","sticky":false,"template":"","format":"standard","meta":{"footnotes":""},"categories":[253,439],"tags":[],"class_list":["post-119706","post","type-post","status-publish","format-standard","has-post-thumbnail","hentry","category-cidade","category-ultima-hora"],"_links":{"self":[{"href":"https:\/\/diarioregionaldigital.com.br\/index.php?rest_route=\/wp\/v2\/posts\/119706","targetHints":{"allow":["GET"]}}],"collection":[{"href":"https:\/\/diarioregionaldigital.com.br\/index.php?rest_route=\/wp\/v2\/posts"}],"about":[{"href":"https:\/\/diarioregionaldigital.com.br\/index.php?rest_route=\/wp\/v2\/types\/post"}],"author":[{"embeddable":true,"href":"https:\/\/diarioregionaldigital.com.br\/index.php?rest_route=\/wp\/v2\/users\/96"}],"replies":[{"embeddable":true,"href":"https:\/\/diarioregionaldigital.com.br\/index.php?rest_route=%2Fwp%2Fv2%2Fcomments&post=119706"}],"version-history":[{"count":0,"href":"https:\/\/diarioregionaldigital.com.br\/index.php?rest_route=\/wp\/v2\/posts\/119706\/revisions"}],"wp:featuredmedia":[{"embeddable":true,"href":"https:\/\/diarioregionaldigital.com.br\/index.php?rest_route=\/wp\/v2\/media\/98091"}],"wp:attachment":[{"href":"https:\/\/diarioregionaldigital.com.br\/index.php?rest_route=%2Fwp%2Fv2%2Fmedia&parent=119706"}],"wp:term":[{"taxonomy":"category","embeddable":true,"href":"https:\/\/diarioregionaldigital.com.br\/index.php?rest_route=%2Fwp%2Fv2%2Fcategories&post=119706"},{"taxonomy":"post_tag","embeddable":true,"href":"https:\/\/diarioregionaldigital.com.br\/index.php?rest_route=%2Fwp%2Fv2%2Ftags&post=119706"}],"curies":[{"name":"wp","href":"https:\/\/api.w.org\/{rel}","templated":true}]}}