{"id":119700,"date":"2018-09-17T11:53:54","date_gmt":"2018-09-17T14:53:54","guid":{"rendered":"https:\/\/diarioregionaldigital.com.br\/?p=119700"},"modified":"2018-09-17T11:53:54","modified_gmt":"2018-09-17T14:53:54","slug":"quadro-de-saude-de-bolsonaro-e-estavel","status":"publish","type":"post","link":"https:\/\/diarioregionaldigital.com.br\/?p=119700","title":{"rendered":"Quadro de sa\u00fade de Bolsonaro \u00e9 est\u00e1vel"},"content":{"rendered":"<p>O quadro de sa\u00fade do candidato a\u0300 Preside\u0302ncia da Repu\u0301blica, Jair Bolsonaro, \u00e9 est\u00e1vel de acordo com boletim m\u00e9dico divulgado h\u00e1 pouco pelo Hospital Israelita Albert Einstein, onde ele permanece internado na Unidade Semi-intensiva. Ele continua sem febre, com a fun\u00e7\u00e3o intestinal em recupera\u00e7\u00e3o e alimenta\u00e7\u00e3o exclusivamente por meio de sonda, sem alimenta\u00e7\u00e3o oral. Segundo os m\u00e9dicos, Bolsonaro continua fazendo exerc\u00edcios respirat\u00f3rios e de fortalecimento muscular. Tamb\u00e9m est\u00e3o sendo aplicadas medidas de preven\u00e7\u00e3o de trombose venosa.<\/p>\n<p>Na tarde desse <span id=\"OBJ_PREFIX_DWT3056_com_zimbra_date\" role=\"link\">domingo, 16<\/span>, o candidato recebeu alta dos tratamentos da Unidade de Terapia Intensiva (UTI), quando passou a receber cuidados semi-intensivos. Ele estava na UTI desde a \u00faltima\u00a0<span id=\"OBJ_PREFIX_DWT3057_com_zimbra_date\" role=\"link\">quarta<\/span>-feira, 12, quando foi submetido a uma cirurgia de emerg\u00eancia para tratar uma ader\u00eancia que obstru\u00eda o intestino delgado. Antes das complica\u00e7\u00f5es, os m\u00e9dicos haviam come\u00e7ado a reintroduzir a alimenta\u00e7\u00e3o por via oral.<\/p>\n<p>Bolsonaro recebeu uma facada durante ato de campanha no \u00faltimo dia 6, em Juiz de Fora (MG). Ap\u00f3s <span id=\"OBJ_PREFIX_DWT3058_com_zimbra_date\" role=\"link\">ter<\/span> sido atendido na Santa Casa da cidade, onde chegou a passar por uma cirurgia, ele foi transferido, a pedido da fam\u00edlia, para o Hospital Albert Einstein, na capital paulista, na manh\u00e3 do dia 7.<\/p>\n<p>&nbsp;<\/p>\n<p>Fonte: Ag\u00eancia Brasil<\/p>\n","protected":false},"excerpt":{"rendered":"<p>O quadro de sa\u00fade do candidato a\u0300 Preside\u0302ncia da Repu\u0301blica, Jair Bolsonaro, \u00e9 est\u00e1vel de acordo com boletim m\u00e9dico divulgado h\u00e1 pouco pelo Hospital Israelita Albert Einstein, onde ele permanece internado na Unidade Semi-intensiva. Ele continua sem febre, com a fun\u00e7\u00e3o intestinal em recupera\u00e7\u00e3o e alimenta\u00e7\u00e3o exclusivamente por meio de sonda, sem alimenta\u00e7\u00e3o oral. Segundo [&hellip;]<\/p>\n","protected":false},"author":96,"featured_media":119701,"comment_status":"closed","ping_status":"closed","sticky":false,"template":"","format":"standard","meta":{"footnotes":""},"categories":[302,439],"tags":[],"class_list":["post-119700","post","type-post","status-publish","format-standard","has-post-thumbnail","hentry","category-brasil-mundo","category-ultima-hora"],"_links":{"self":[{"href":"https:\/\/diarioregionaldigital.com.br\/index.php?rest_route=\/wp\/v2\/posts\/119700","targetHints":{"allow":["GET"]}}],"collection":[{"href":"https:\/\/diarioregionaldigital.com.br\/index.php?rest_route=\/wp\/v2\/posts"}],"about":[{"href":"https:\/\/diarioregionaldigital.com.br\/index.php?rest_route=\/wp\/v2\/types\/post"}],"author":[{"embeddable":true,"href":"https:\/\/diarioregionaldigital.com.br\/index.php?rest_route=\/wp\/v2\/users\/96"}],"replies":[{"embeddable":true,"href":"https:\/\/diarioregionaldigital.com.br\/index.php?rest_route=%2Fwp%2Fv2%2Fcomments&post=119700"}],"version-history":[{"count":0,"href":"https:\/\/diarioregionaldigital.com.br\/index.php?rest_route=\/wp\/v2\/posts\/119700\/revisions"}],"wp:featuredmedia":[{"embeddable":true,"href":"https:\/\/diarioregionaldigital.com.br\/index.php?rest_route=\/wp\/v2\/media\/119701"}],"wp:attachment":[{"href":"https:\/\/diarioregionaldigital.com.br\/index.php?rest_route=%2Fwp%2Fv2%2Fmedia&parent=119700"}],"wp:term":[{"taxonomy":"category","embeddable":true,"href":"https:\/\/diarioregionaldigital.com.br\/index.php?rest_route=%2Fwp%2Fv2%2Fcategories&post=119700"},{"taxonomy":"post_tag","embeddable":true,"href":"https:\/\/diarioregionaldigital.com.br\/index.php?rest_route=%2Fwp%2Fv2%2Ftags&post=119700"}],"curies":[{"name":"wp","href":"https:\/\/api.w.org\/{rel}","templated":true}]}}