{"id":119697,"date":"2018-09-17T08:00:25","date_gmt":"2018-09-17T11:00:25","guid":{"rendered":"https:\/\/diarioregionaldigital.com.br\/?p=119697"},"modified":"2018-09-18T18:18:30","modified_gmt":"2018-09-18T21:18:30","slug":"em-dois-dias-juiz-de-fora-registra-quase-50-da-chuva-prevista-para-todo-o-mes-de-setembro","status":"publish","type":"post","link":"https:\/\/diarioregionaldigital.com.br\/?p=119697","title":{"rendered":"Em dois dias, Juiz de Fora registra quase 50% da chuva prevista para todo o m\u00eas de setembro"},"content":{"rendered":"<p>Juiz de Fora registrou nos \u00faltimos dias cerca de 49% de chuva prevista durante todo o m\u00eas de setembro. Segundo os dados do Instituto Nacional de Meteorologia (Inmet) as chuvas que ca\u00edram durante o inicio da \u00faltima sexta-feira, 14, e a madrugada desse domingo, 16, acumularam 33 mil\u00edmetros, quase que a totalidade do registrado em todo o m\u00eas, que s\u00e3o 34,4.<\/p>\n<p>Ainda conforme o Inmet, o tempo, nesta segunda, 17, permanecer\u00e1 nublado a encoberto com pancadas de chuva e trovoadas isoladas na regi\u00e3o do Tri\u00e2ngulo Mineiro\/Alto Parana\u00edba, Oeste, Sul\/Sudoeste, Campo das Vertentes, Zona da Mata, Central Mineira, Rio Doce e Metropolitana. Nas demais regi\u00f5es, o c\u00e9u permanece nublado a nublado com pancadas de chuva isolada.<\/p>\n<p>Em Juiz de Fora, a previs\u00e3o \u00e9 que o tempo continue nublado e com pancadas de chuva durante toda a semana. A temperatura varia entre 15\u00b0 a 21\u00b0.<\/p>\n<div id=\"attachment_119884\" style=\"width: 1034px\" class=\"wp-caption aligncenter\"><img loading=\"lazy\" decoding=\"async\" aria-describedby=\"caption-attachment-119884\" class=\"wp-image-119884 size-large\" src=\"https:\/\/diarioregionaldigital.com.br\/wp-content\/uploads\/2018\/09\/RAFAELA-FRUTUOSO-usar-essa-2-5-1024x683.jpg\" alt=\"\" width=\"1024\" height=\"683\" srcset=\"https:\/\/diarioregionaldigital.com.br\/wp-content\/uploads\/2018\/09\/RAFAELA-FRUTUOSO-usar-essa-2-5-1024x683.jpg 1024w, https:\/\/diarioregionaldigital.com.br\/wp-content\/uploads\/2018\/09\/RAFAELA-FRUTUOSO-usar-essa-2-5-300x200.jpg 300w, https:\/\/diarioregionaldigital.com.br\/wp-content\/uploads\/2018\/09\/RAFAELA-FRUTUOSO-usar-essa-2-5-768x512.jpg 768w, https:\/\/diarioregionaldigital.com.br\/wp-content\/uploads\/2018\/09\/RAFAELA-FRUTUOSO-usar-essa-2-5-360x240.jpg 360w\" sizes=\"auto, (max-width: 1024px) 100vw, 1024px\" \/><p id=\"caption-attachment-119884\" class=\"wp-caption-text\">Foto: Rafaela Frutuoso.<\/p><\/div>\n<p>&nbsp;<\/p>\n<p>&nbsp;<\/p>\n","protected":false},"excerpt":{"rendered":"<p>Juiz de Fora registrou nos \u00faltimos dias cerca de 49% de chuva prevista durante todo o m\u00eas de setembro. Segundo os dados do Instituto Nacional de Meteorologia (Inmet) as chuvas que ca\u00edram durante o inicio da \u00faltima sexta-feira, 14, e a madrugada desse domingo, 16, acumularam 33 mil\u00edmetros, quase que a totalidade do registrado em [&hellip;]<\/p>\n","protected":false},"author":96,"featured_media":119881,"comment_status":"closed","ping_status":"closed","sticky":false,"template":"","format":"standard","meta":{"footnotes":""},"categories":[253,436,440,439],"tags":[],"class_list":["post-119697","post","type-post","status-publish","format-standard","has-post-thumbnail","hentry","category-cidade","category-destaque-da-semana","category-destaques-do-dia","category-ultima-hora"],"_links":{"self":[{"href":"https:\/\/diarioregionaldigital.com.br\/index.php?rest_route=\/wp\/v2\/posts\/119697","targetHints":{"allow":["GET"]}}],"collection":[{"href":"https:\/\/diarioregionaldigital.com.br\/index.php?rest_route=\/wp\/v2\/posts"}],"about":[{"href":"https:\/\/diarioregionaldigital.com.br\/index.php?rest_route=\/wp\/v2\/types\/post"}],"author":[{"embeddable":true,"href":"https:\/\/diarioregionaldigital.com.br\/index.php?rest_route=\/wp\/v2\/users\/96"}],"replies":[{"embeddable":true,"href":"https:\/\/diarioregionaldigital.com.br\/index.php?rest_route=%2Fwp%2Fv2%2Fcomments&post=119697"}],"version-history":[{"count":0,"href":"https:\/\/diarioregionaldigital.com.br\/index.php?rest_route=\/wp\/v2\/posts\/119697\/revisions"}],"wp:featuredmedia":[{"embeddable":true,"href":"https:\/\/diarioregionaldigital.com.br\/index.php?rest_route=\/wp\/v2\/media\/119881"}],"wp:attachment":[{"href":"https:\/\/diarioregionaldigital.com.br\/index.php?rest_route=%2Fwp%2Fv2%2Fmedia&parent=119697"}],"wp:term":[{"taxonomy":"category","embeddable":true,"href":"https:\/\/diarioregionaldigital.com.br\/index.php?rest_route=%2Fwp%2Fv2%2Fcategories&post=119697"},{"taxonomy":"post_tag","embeddable":true,"href":"https:\/\/diarioregionaldigital.com.br\/index.php?rest_route=%2Fwp%2Fv2%2Ftags&post=119697"}],"curies":[{"name":"wp","href":"https:\/\/api.w.org\/{rel}","templated":true}]}}