{"id":119686,"date":"2018-09-17T09:44:13","date_gmt":"2018-09-17T12:44:13","guid":{"rendered":"https:\/\/diarioregionaldigital.com.br\/?p=119686"},"modified":"2018-09-17T09:44:13","modified_gmt":"2018-09-17T12:44:13","slug":"motociclistas-ficam-gravemente-feridos-em-acidente-na-br-356-em-muriae","status":"publish","type":"post","link":"https:\/\/diarioregionaldigital.com.br\/?p=119686","title":{"rendered":"Motociclistas ficam gravemente feridos em acidente na BR-356 em Muria\u00e9"},"content":{"rendered":"<p>Duas motocicletas se chocaram na BR-356, pr\u00f3ximo \u00e0 entrada do bairro S\u00e3o Pedro, em Muria\u00e9, na noite desse domingo, 16. Os condutores sofreram les\u00f5es graves.\u00a0As v\u00edtimas foram socorridas pelo Corpo de Bombeiros e SAMU e conduzidas para o Hospital S\u00e3o Paulo (HSP) naquele munic\u00edpio. Ambas apresentavam fratura exposta e forte hemorragia.<\/p>\n<p>No momento do acidente umas das motos seguia sentido ao bairro Porto e a outra na dire\u00e7\u00e3o oposta. Ainda n\u00e3o h\u00e1 informa\u00e7\u00f5es do que ocasionou a colis\u00e3o e a per\u00edcia da Pol\u00edcia Civil (PC) foi acionada para investigar as causas do ocorrido.<\/p>\n<p>Policiais militares deram apoio controlando o tr\u00e2nsito at\u00e9 a chegada da Pol\u00edcia Rodovi\u00e1ria Federal (PRF) que ficou respons\u00e1vel pelo registro da ocorr\u00eancia.<\/p>\n<p>Foto: R\u00e1dio Muria\u00e9<\/p>\n","protected":false},"excerpt":{"rendered":"<p>Duas motocicletas se chocaram na BR-356, pr\u00f3ximo \u00e0 entrada do bairro S\u00e3o Pedro, em Muria\u00e9, na noite desse domingo, 16. Os condutores sofreram les\u00f5es graves.\u00a0As v\u00edtimas foram socorridas pelo Corpo de Bombeiros e SAMU e conduzidas para o Hospital S\u00e3o Paulo (HSP) naquele munic\u00edpio. Ambas apresentavam fratura exposta e forte hemorragia. No momento do acidente [&hellip;]<\/p>\n","protected":false},"author":96,"featured_media":119687,"comment_status":"closed","ping_status":"closed","sticky":false,"template":"","format":"standard","meta":{"footnotes":""},"categories":[252,439],"tags":[],"class_list":["post-119686","post","type-post","status-publish","format-standard","has-post-thumbnail","hentry","category-regiao","category-ultima-hora"],"_links":{"self":[{"href":"https:\/\/diarioregionaldigital.com.br\/index.php?rest_route=\/wp\/v2\/posts\/119686","targetHints":{"allow":["GET"]}}],"collection":[{"href":"https:\/\/diarioregionaldigital.com.br\/index.php?rest_route=\/wp\/v2\/posts"}],"about":[{"href":"https:\/\/diarioregionaldigital.com.br\/index.php?rest_route=\/wp\/v2\/types\/post"}],"author":[{"embeddable":true,"href":"https:\/\/diarioregionaldigital.com.br\/index.php?rest_route=\/wp\/v2\/users\/96"}],"replies":[{"embeddable":true,"href":"https:\/\/diarioregionaldigital.com.br\/index.php?rest_route=%2Fwp%2Fv2%2Fcomments&post=119686"}],"version-history":[{"count":0,"href":"https:\/\/diarioregionaldigital.com.br\/index.php?rest_route=\/wp\/v2\/posts\/119686\/revisions"}],"wp:featuredmedia":[{"embeddable":true,"href":"https:\/\/diarioregionaldigital.com.br\/index.php?rest_route=\/wp\/v2\/media\/119687"}],"wp:attachment":[{"href":"https:\/\/diarioregionaldigital.com.br\/index.php?rest_route=%2Fwp%2Fv2%2Fmedia&parent=119686"}],"wp:term":[{"taxonomy":"category","embeddable":true,"href":"https:\/\/diarioregionaldigital.com.br\/index.php?rest_route=%2Fwp%2Fv2%2Fcategories&post=119686"},{"taxonomy":"post_tag","embeddable":true,"href":"https:\/\/diarioregionaldigital.com.br\/index.php?rest_route=%2Fwp%2Fv2%2Ftags&post=119686"}],"curies":[{"name":"wp","href":"https:\/\/api.w.org\/{rel}","templated":true}]}}