{"id":119683,"date":"2018-09-17T09:28:58","date_gmt":"2018-09-17T12:28:58","guid":{"rendered":"https:\/\/diarioregionaldigital.com.br\/?p=119683"},"modified":"2018-09-17T09:28:58","modified_gmt":"2018-09-17T12:28:58","slug":"juiz-determina-prisao-e-afastamento-de-quatro-torcedores-do-atletico-mineiro","status":"publish","type":"post","link":"https:\/\/diarioregionaldigital.com.br\/?p=119683","title":{"rendered":"Juiz determina pris\u00e3o e afastamento de quatro torcedores do Atl\u00e9tico Mineiro"},"content":{"rendered":"<p>O juiz sumariante do I Tribunal do J\u00fari, Marcelo Fioravante, decretou a pris\u00e3o preventiva de 4 integrantes da torcida organizada Galoucura, acusados de tentativa de homic\u00eddio contra um integrante de uma torcida do time rival.\u00a0 O crime ocorreu em 3 de mar\u00e7o deste ano e ainda est\u00e1 sob investiga\u00e7\u00e3o. \u00a0O pedido de pris\u00e3o havia sido indeferido em 4 de julho deste ano, mas o MP recorreu.<\/p>\n<p>Ao reexaminar os argumentos do MP e da autoridade policial, o juiz Marcelo Fioravante considerou as provas j\u00e1 apresentadas, inclusive imagens do crime registradas por c\u00e2maras de v\u00eddeo pr\u00f3ximas ao local e tamb\u00e9m os antecedentes dos envolvidos.<\/p>\n<p>Em sua decis\u00e3o, salientou que as c\u00e2meras de vigil\u00e2ncia permitiram a identifica\u00e7\u00e3o de quatro autores da viol\u00eancia praticada contra a v\u00edtima, no dia 3 de mar\u00e7o.<\/p>\n<p>Dois foram reconhecidos nas imagens desferindo chutes na cabe\u00e7a da v\u00edtima, quando esta j\u00e1 se encontrava desacordada e no solo, e apresentam hist\u00f3rico de crimes de les\u00e3o corporal, rixa e amea\u00e7a bastante caracter\u00edsticos.<\/p>\n<p>J\u00e1 a terceira pessoa investigada,\u00a0 j\u00e1 havia sido processado e condenado a uma pena de 15 anos de reclus\u00e3o pela pr\u00e1tica de homic\u00eddio contra outro torcedor advers\u00e1rio, crime ocorrido em novembro de 2010, na porta do estabelecimento Chevrollet Hall, na Avenida Nossa Senhora do Carmo, em Belo Horizonte.<\/p>\n<p>O juiz Marcelo Fioravante constatou que, no dia 3 de mar\u00e7o deste ano, ele cumpria pena em regime semiaberto e gozava de benef\u00edcio de sa\u00edda tempor\u00e1ria, concluindo que o investigado se valeu desse direito para supostamente se envolver em nova pr\u00e1tica delituosa.<\/p>\n<p>Outro autor, tamb\u00e9m identificado nas imagens desferindo golpes com espesso peda\u00e7o de madeira contra a cabe\u00e7a da v\u00edtima, j\u00e1 foi preso e investigado por envolvimento em outros crimes de natureza semelhante.<\/p>\n<p>O juiz citou ainda que, conforme o inqu\u00e9rito policial, a a\u00e7\u00e3o teria ocorrido de forma meticulosamente programada, uma vez que integrantes do grupo teriam funcionado como \u201cisca\u201d, provocando torcedores rivais, de forma a atra\u00ed-los para uma \u201cemboscada\u201d.<\/p>\n<p>Ele ressaltou tamb\u00e9m, em sua decis\u00e3o, que o grupo de torcedores do Cruzeiro \u201cn\u00e3o s\u00f3 respondeu \u00e0s provoca\u00e7\u00f5es como tamb\u00e9m se dirigiu contra os investigados\u201d, de forma que a a\u00e7\u00e3o violenta ocorreu originalmente de ambos os lados.<\/p>\n<p>A decis\u00e3o ainda analisou a conduta de outros integrantes da torcida organizada, que, embora n\u00e3o tenham sido identificados nas imagens, j\u00e1 foram apontados pela investiga\u00e7\u00e3o como tendo estreita rela\u00e7\u00e3o com os investigados, dentre eles o atual presidente da torcida organizada Galoucura.<\/p>\n<p>O juiz destacou a informa\u00e7\u00e3o de que, minutos antes do confronto, o referido presidente da torcida manteve contato telef\u00f4nico com um dos acusados.<\/p>\n<p>Por essa raz\u00e3o, entendendo que a conduta deles requer melhor apura\u00e7\u00e3o, mas, \u201cpara garantir a ordem p\u00fablica e a instru\u00e7\u00e3o processual, bem como para evitar o cometimento de novas infra\u00e7\u00f5es semelhantes\u201d, o juiz Marcelo Fioravante determinou outras medidas cautelares, diferentes da pris\u00e3o, fundamentadas no C\u00f3digo de Processo Penal e tamb\u00e9m no Estatuto do Torcedor, Lei 10.671.<\/p>\n<p>Ele determinou que estes os autores fiquem proibidos de frequentar qualquer arena esportiva do Pa\u00eds, bem como delas se aproximar, onde ocorra qualquer evento esportivo ou cultural relacionado ao Clube Atl\u00e9tico Mineiro.<\/p>\n<p>Al\u00e9m dessa medida, imp\u00f4s aos quatro torcedores o monitoramento eletr\u00f4nico e comparecimento \u00e0 unidade da Pol\u00edcia Civil respons\u00e1vel pela presente investiga\u00e7\u00e3o, onde dever\u00e3o permanecer de duas horas antes, at\u00e9 duas horas depois de qualquer partida de futebol do Clube Atl\u00e9tico Mineiro, independentemente do monitoramento eletr\u00f4nico.<\/p>\n<p>O juiz Marcelo Fioravante observou ainda que a autoridade policial deve se empenhar para identificar e qualificar os indiv\u00edduos que acompanhavam a v\u00edtima na data dos fatos, supostos integrantes da torcida advers\u00e1ria, que tamb\u00e9m teriam se envolvido nesse enfrentamento, a fim de que sejam submetidos \u00e0s san\u00e7\u00f5es legais pertinentes.<\/p>\n<p>&nbsp;<\/p>\n<p>Fonte: Assessoria TJMG<\/p>\n","protected":false},"excerpt":{"rendered":"<p>O juiz sumariante do I Tribunal do J\u00fari, Marcelo Fioravante, decretou a pris\u00e3o preventiva de 4 integrantes da torcida organizada Galoucura, acusados de tentativa de homic\u00eddio contra um integrante de uma torcida do time rival.\u00a0 O crime ocorreu em 3 de mar\u00e7o deste ano e ainda est\u00e1 sob investiga\u00e7\u00e3o. \u00a0O pedido de pris\u00e3o havia sido [&hellip;]<\/p>\n","protected":false},"author":96,"featured_media":119684,"comment_status":"closed","ping_status":"closed","sticky":false,"template":"","format":"standard","meta":{"footnotes":""},"categories":[252,439],"tags":[],"class_list":["post-119683","post","type-post","status-publish","format-standard","has-post-thumbnail","hentry","category-regiao","category-ultima-hora"],"_links":{"self":[{"href":"https:\/\/diarioregionaldigital.com.br\/index.php?rest_route=\/wp\/v2\/posts\/119683","targetHints":{"allow":["GET"]}}],"collection":[{"href":"https:\/\/diarioregionaldigital.com.br\/index.php?rest_route=\/wp\/v2\/posts"}],"about":[{"href":"https:\/\/diarioregionaldigital.com.br\/index.php?rest_route=\/wp\/v2\/types\/post"}],"author":[{"embeddable":true,"href":"https:\/\/diarioregionaldigital.com.br\/index.php?rest_route=\/wp\/v2\/users\/96"}],"replies":[{"embeddable":true,"href":"https:\/\/diarioregionaldigital.com.br\/index.php?rest_route=%2Fwp%2Fv2%2Fcomments&post=119683"}],"version-history":[{"count":0,"href":"https:\/\/diarioregionaldigital.com.br\/index.php?rest_route=\/wp\/v2\/posts\/119683\/revisions"}],"wp:featuredmedia":[{"embeddable":true,"href":"https:\/\/diarioregionaldigital.com.br\/index.php?rest_route=\/wp\/v2\/media\/119684"}],"wp:attachment":[{"href":"https:\/\/diarioregionaldigital.com.br\/index.php?rest_route=%2Fwp%2Fv2%2Fmedia&parent=119683"}],"wp:term":[{"taxonomy":"category","embeddable":true,"href":"https:\/\/diarioregionaldigital.com.br\/index.php?rest_route=%2Fwp%2Fv2%2Fcategories&post=119683"},{"taxonomy":"post_tag","embeddable":true,"href":"https:\/\/diarioregionaldigital.com.br\/index.php?rest_route=%2Fwp%2Fv2%2Ftags&post=119683"}],"curies":[{"name":"wp","href":"https:\/\/api.w.org\/{rel}","templated":true}]}}