{"id":119679,"date":"2018-09-17T09:16:37","date_gmt":"2018-09-17T12:16:37","guid":{"rendered":"https:\/\/diarioregionaldigital.com.br\/?p=119679"},"modified":"2018-09-17T09:49:31","modified_gmt":"2018-09-17T12:49:31","slug":"quatro-pessoas-sao-presas-apos-roubarem-loja-no-bairro-botanagua","status":"publish","type":"post","link":"https:\/\/diarioregionaldigital.com.br\/?p=119679","title":{"rendered":"Quatro pessoas s\u00e3o presas ap\u00f3s roubarem loja no bairro Botan\u00e1gua"},"content":{"rendered":"<p>Uma loja de ar-condicionado foi alvo de assaltantes nesta madrugada, 17, no bairro Botan\u00e1gua, na regi\u00e3o Leste de Juiz de Fora. O estabelecimento comercial, que fica na margem esquerda da Avenida Brasil, teve a porta arrombada e diversos produtos roubados.<\/p>\n<p>Segundo uma testemunha, que \u00e9 vizinha da loja,\u00a0quatro pessoas teriam invadido o local, por volta de 1h. O local estava fechado no momento do crime e n\u00e3o havia ningu\u00e9m fazendo a seguran\u00e7a.<\/p>\n<p>A Pol\u00edcia Militar realizou rastreamento na regi\u00e3o e encontrou os autores na Rua Coronel Marcelino Gon\u00e7alves , a cerca de 500 metros do local do assalto. Eles estavam retirando os produtos roubados de dentro de um ve\u00edculo elevando para uma resid\u00eancia, quando foram surpreendidos pelos policiais.<\/p>\n<p>Os tr\u00eas homens e uma mulher, que possuem idades entre 34 e 46 anos, foram presos em flagrante e conduzidos para a delegacia.<\/p>\n","protected":false},"excerpt":{"rendered":"<p>Uma loja de ar-condicionado foi alvo de assaltantes nesta madrugada, 17, no bairro Botan\u00e1gua, na regi\u00e3o Leste de Juiz de Fora. O estabelecimento comercial, que fica na margem esquerda da Avenida Brasil, teve a porta arrombada e diversos produtos roubados. Segundo uma testemunha, que \u00e9 vizinha da loja,\u00a0quatro pessoas teriam invadido o local, por volta [&hellip;]<\/p>\n","protected":false},"author":96,"featured_media":97342,"comment_status":"closed","ping_status":"closed","sticky":false,"template":"","format":"standard","meta":{"footnotes":""},"categories":[301],"tags":[],"class_list":["post-119679","post","type-post","status-publish","format-standard","has-post-thumbnail","hentry","category-artigos-policiais"],"_links":{"self":[{"href":"https:\/\/diarioregionaldigital.com.br\/index.php?rest_route=\/wp\/v2\/posts\/119679","targetHints":{"allow":["GET"]}}],"collection":[{"href":"https:\/\/diarioregionaldigital.com.br\/index.php?rest_route=\/wp\/v2\/posts"}],"about":[{"href":"https:\/\/diarioregionaldigital.com.br\/index.php?rest_route=\/wp\/v2\/types\/post"}],"author":[{"embeddable":true,"href":"https:\/\/diarioregionaldigital.com.br\/index.php?rest_route=\/wp\/v2\/users\/96"}],"replies":[{"embeddable":true,"href":"https:\/\/diarioregionaldigital.com.br\/index.php?rest_route=%2Fwp%2Fv2%2Fcomments&post=119679"}],"version-history":[{"count":0,"href":"https:\/\/diarioregionaldigital.com.br\/index.php?rest_route=\/wp\/v2\/posts\/119679\/revisions"}],"wp:featuredmedia":[{"embeddable":true,"href":"https:\/\/diarioregionaldigital.com.br\/index.php?rest_route=\/wp\/v2\/media\/97342"}],"wp:attachment":[{"href":"https:\/\/diarioregionaldigital.com.br\/index.php?rest_route=%2Fwp%2Fv2%2Fmedia&parent=119679"}],"wp:term":[{"taxonomy":"category","embeddable":true,"href":"https:\/\/diarioregionaldigital.com.br\/index.php?rest_route=%2Fwp%2Fv2%2Fcategories&post=119679"},{"taxonomy":"post_tag","embeddable":true,"href":"https:\/\/diarioregionaldigital.com.br\/index.php?rest_route=%2Fwp%2Fv2%2Ftags&post=119679"}],"curies":[{"name":"wp","href":"https:\/\/api.w.org\/{rel}","templated":true}]}}