{"id":119670,"date":"2018-09-17T08:56:56","date_gmt":"2018-09-17T11:56:56","guid":{"rendered":"https:\/\/diarioregionaldigital.com.br\/?p=119670"},"modified":"2018-09-17T08:56:56","modified_gmt":"2018-09-17T11:56:56","slug":"conselho-nacional-de-seguranca-publica-vai-atuar-para-conter-violencia","status":"publish","type":"post","link":"https:\/\/diarioregionaldigital.com.br\/?p=119670","title":{"rendered":"Conselho Nacional de Seguran\u00e7a P\u00fablica vai atuar para conter viol\u00eancia"},"content":{"rendered":"<p>O presidente Michel Temer instala nesta segunda-feira, 17, o Conselho Nacional de Seguran\u00e7a P\u00fablica e Defesa Social, no Pal\u00e1cio do Planalto. Integrar\u00e3o o \u00f3rg\u00e3o representantes da Uni\u00e3o, dos estados, do Distrito Federal e dos munic\u00edpios que v\u00e3o propor diretrizes para prevenir e conter a viol\u00eancia e a criminalidade.<\/p>\n<p>O Conselho Nacional de Seguran\u00e7a P\u00fablica e Defesa Social, com atribui\u00e7\u00f5es, funcionamento e composi\u00e7\u00e3o estabelecidos em regulamento, ter\u00e1 a participa\u00e7\u00e3o de representantes da Uni\u00e3o, dos estados, do Distrito Federal e dos munic\u00edpios, al\u00e9m de integrantes da sociedade civil.<\/p>\n<p>O conselho est\u00e1 previsto na Lei 13.675, sancionada em\u00a0junho, que instituiu o Sistema \u00danico de Seguran\u00e7a P\u00fablica (Susp) e criou a Pol\u00edtica Nacional de Seguran\u00e7a P\u00fablica e Defesa Social (PNSPDS). Em agosto, foi assinado o decreto para execu\u00e7\u00e3o do plano e atua\u00e7\u00e3o do conselho.<\/p>\n<p>O Minist\u00e9rio da Seguran\u00e7a P\u00fablica ser\u00e1 o gestor do conselho, ao orientar e acompanhar as atividades dos \u00f3rg\u00e3os integrados ao Susp, al\u00e9m de promover a\u00e7\u00f5es como apoiar programas para aparelhar e modernizar os \u00f3rg\u00e3os de seguran\u00e7a, promover a qualifica\u00e7\u00e3o profissional, coordenar atividades de intelig\u00eancia na \u00e1rea e desenvolver a doutrina de intelig\u00eancia policial.<\/p>\n<p>Em v\u00e1rias ocasi\u00f5es, o ministro Raul Jungmann afirmou que o conselho nacional ser\u00e1 integrado por agentes e \u00f3rg\u00e3os de seguran\u00e7a p\u00fablica. Segundo ele, o conjunto de a\u00e7\u00f5es contidas no plano dar\u00e1 um \u201crumo\u201d\u00a0 \u00e0 pol\u00edtica de seguran\u00e7a p\u00fablica do pa\u00eds.<\/p>\n<p>&nbsp;<\/p>\n<p>Fonte: Ag\u00eancia Brasil<\/p>\n","protected":false},"excerpt":{"rendered":"<p>O presidente Michel Temer instala nesta segunda-feira, 17, o Conselho Nacional de Seguran\u00e7a P\u00fablica e Defesa Social, no Pal\u00e1cio do Planalto. Integrar\u00e3o o \u00f3rg\u00e3o representantes da Uni\u00e3o, dos estados, do Distrito Federal e dos munic\u00edpios que v\u00e3o propor diretrizes para prevenir e conter a viol\u00eancia e a criminalidade. O Conselho Nacional de Seguran\u00e7a P\u00fablica e [&hellip;]<\/p>\n","protected":false},"author":96,"featured_media":100345,"comment_status":"closed","ping_status":"closed","sticky":false,"template":"","format":"standard","meta":{"footnotes":""},"categories":[436,254,439],"tags":[],"class_list":["post-119670","post","type-post","status-publish","format-standard","has-post-thumbnail","hentry","category-destaque-da-semana","category-politica","category-ultima-hora"],"_links":{"self":[{"href":"https:\/\/diarioregionaldigital.com.br\/index.php?rest_route=\/wp\/v2\/posts\/119670","targetHints":{"allow":["GET"]}}],"collection":[{"href":"https:\/\/diarioregionaldigital.com.br\/index.php?rest_route=\/wp\/v2\/posts"}],"about":[{"href":"https:\/\/diarioregionaldigital.com.br\/index.php?rest_route=\/wp\/v2\/types\/post"}],"author":[{"embeddable":true,"href":"https:\/\/diarioregionaldigital.com.br\/index.php?rest_route=\/wp\/v2\/users\/96"}],"replies":[{"embeddable":true,"href":"https:\/\/diarioregionaldigital.com.br\/index.php?rest_route=%2Fwp%2Fv2%2Fcomments&post=119670"}],"version-history":[{"count":0,"href":"https:\/\/diarioregionaldigital.com.br\/index.php?rest_route=\/wp\/v2\/posts\/119670\/revisions"}],"wp:featuredmedia":[{"embeddable":true,"href":"https:\/\/diarioregionaldigital.com.br\/index.php?rest_route=\/wp\/v2\/media\/100345"}],"wp:attachment":[{"href":"https:\/\/diarioregionaldigital.com.br\/index.php?rest_route=%2Fwp%2Fv2%2Fmedia&parent=119670"}],"wp:term":[{"taxonomy":"category","embeddable":true,"href":"https:\/\/diarioregionaldigital.com.br\/index.php?rest_route=%2Fwp%2Fv2%2Fcategories&post=119670"},{"taxonomy":"post_tag","embeddable":true,"href":"https:\/\/diarioregionaldigital.com.br\/index.php?rest_route=%2Fwp%2Fv2%2Ftags&post=119670"}],"curies":[{"name":"wp","href":"https:\/\/api.w.org\/{rel}","templated":true}]}}