{"id":119664,"date":"2018-09-17T08:50:48","date_gmt":"2018-09-17T11:50:48","guid":{"rendered":"https:\/\/diarioregionaldigital.com.br\/?p=119664"},"modified":"2018-09-17T12:23:37","modified_gmt":"2018-09-17T15:23:37","slug":"universidades-oferecem-atendimentos-gratuitos-a-populacao","status":"publish","type":"post","link":"https:\/\/diarioregionaldigital.com.br\/?p=119664","title":{"rendered":"Universidades oferecem atendimentos gratuitos \u00e0 popula\u00e7\u00e3o"},"content":{"rendered":"<p>Institui\u00e7\u00f5es de ensino superior de todo o pa\u00eds oferecer\u00e3o, a partir desta segunda-feira, 17, atendimentos gratuitos \u00e0 popula\u00e7\u00e3o nas mais diversas \u00e1reas. As a\u00e7\u00f5es, que v\u00e3o at\u00e9 o pr\u00f3ximo s\u00e1bado, 22, fazem parte da Semana da Responsabilidade Social do Ensino Superior Particular, organizada pela Associa\u00e7\u00e3o Brasileira de Mantenedoras do Ensino Superior (Abmes) \u2013 entidade que representa as maiores institui\u00e7\u00f5es de ensino superior privadas.<\/p>\n<p>Durante a a\u00e7\u00e3o, que ocorre desde 2005, as institui\u00e7\u00f5es promovem uma mostra do que \u00e9 realizado ao longo do ano com prop\u00f3sito de aproximar o setor acad\u00eamico e a sociedade. As atividades s\u00e3o conduzidas por professores, alunos e funcion\u00e1rios das institui\u00e7\u00f5es.<\/p>\n<p>Segundo a Abmes, desde a primeira edi\u00e7\u00e3o foram realizados cerca de 15 milh\u00f5es de atendimentos \u00e0 comunidade em \u00e1reas como consultoria jur\u00eddica, orienta\u00e7\u00e3o profissional e educacional, assist\u00eancia \u00e0 sa\u00fade, promo\u00e7\u00e3o da inclus\u00e3o digital e atividades culturais, recreativas e esportivas para todas as idades.<\/p>\n<p>\u201cO objetivo principal \u00e9 fortalecer a parceria entre institui\u00e7\u00f5es de ensino e sociedade. \u00c9 a institui\u00e7\u00e3o prestando servi\u00e7o para a comunidade na qual est\u00e1 inserida. Isso faz com que seja fortalecido o la\u00e7o com a comunidade local\u201d, diz o diretor-executivo da Abmes, S\u00f3lon Caldas. A expectativa, de acordo com ele, \u00e9 de que mais de 900 institui\u00e7\u00f5es de ensino participem nesta edi\u00e7\u00e3o.<\/p>\n<p>Mais informa\u00e7\u00f5es est\u00e3o dispon\u00edveis no <a href=\"https:\/\/responsabilidadesocial.abmes.org.br\/\" target=\"_blank\" rel=\"noopener\"><em>site<\/em> da campanha<\/a>.<\/p>\n<h5>Institui\u00e7\u00f5es participantes<\/h5>\n<p>Podem participar tanto as institui\u00e7\u00f5es particulares \u2013 associadas ou n\u00e3o \u00e0 Abmes \u2013 como as p\u00fablicas e tamb\u00e9m aquelas vinculadas ao Sistema S (conjunto de institui\u00e7\u00f5es de interesse de categorias profissionais, como Sesi, Senai e Sesc). Cada institui\u00e7\u00e3o cadastrada na campanha tem autonomia para definir o local de realiza\u00e7\u00e3o do evento, bem como a programa\u00e7\u00e3o de atividades, que devem ser todas gratuitas.<\/p>\n<p>As a\u00e7\u00f5es garantem \u00e0s institui\u00e7\u00f5es a certifica\u00e7\u00e3o com Selo Institui\u00e7\u00e3o Socialmente Respons\u00e1vel, reconhecendo a import\u00e2ncia do v\u00ednculo entre o universo acad\u00eamico e a comunidade.<\/p>\n<p>Para receber o selo, as institui\u00e7\u00f5es precisam cadastrar as a\u00e7\u00f5es de responsabilidade social no sistema especialmente desenvolvido pela Abmes, onde tamb\u00e9m devem ser inseridas informa\u00e7\u00f5es e registros como fotos e dados estat\u00edsticos das atividades. A ades\u00e3o deve ser feita pelo <a href=\"http:\/\/sisdia.abmes.org.br\/\" target=\"_blank\" rel=\"noopener\">site da Abmes<\/a>.<\/p>\n<p>A campanha, que est\u00e1 na 14\u00aa edi\u00e7\u00e3o, foi criada ap\u00f3s a san\u00e7\u00e3o da Lei 10.861\/2004, que institui o Sistema Nacional de Avalia\u00e7\u00e3o da Educa\u00e7\u00e3o Superior (Sinaes). Pela norma, contar\u00e1 na avalia\u00e7\u00e3o das institui\u00e7\u00f5es de educa\u00e7\u00e3o superior, feita pelo Minist\u00e9rio da Educa\u00e7\u00e3o, a contribui\u00e7\u00e3o em rela\u00e7\u00e3o \u00e0 inclus\u00e3o social, ao desenvolvimento socioecon\u00f4mico, \u00e0 defesa do meio ambiente, da mem\u00f3ria cultural, da produ\u00e7\u00e3o art\u00edstica e do patrim\u00f4nio cultural. Caso sejam mal avaliadas, as institui\u00e7\u00f5es podem sofrer san\u00e7\u00f5es.<\/p>\n<p>&nbsp;<\/p>\n<p>Fonte: Ag\u00eancia Brasil<\/p>\n","protected":false},"excerpt":{"rendered":"<p>Institui\u00e7\u00f5es de ensino superior de todo o pa\u00eds oferecer\u00e3o, a partir desta segunda-feira, 17, atendimentos gratuitos \u00e0 popula\u00e7\u00e3o nas mais diversas \u00e1reas. As a\u00e7\u00f5es, que v\u00e3o at\u00e9 o pr\u00f3ximo s\u00e1bado, 22, fazem parte da Semana da Responsabilidade Social do Ensino Superior Particular, organizada pela Associa\u00e7\u00e3o Brasileira de Mantenedoras do Ensino Superior (Abmes) \u2013 entidade que [&hellip;]<\/p>\n","protected":false},"author":96,"featured_media":119667,"comment_status":"closed","ping_status":"closed","sticky":false,"template":"","format":"standard","meta":{"footnotes":""},"categories":[302,439],"tags":[],"class_list":["post-119664","post","type-post","status-publish","format-standard","has-post-thumbnail","hentry","category-brasil-mundo","category-ultima-hora"],"_links":{"self":[{"href":"https:\/\/diarioregionaldigital.com.br\/index.php?rest_route=\/wp\/v2\/posts\/119664","targetHints":{"allow":["GET"]}}],"collection":[{"href":"https:\/\/diarioregionaldigital.com.br\/index.php?rest_route=\/wp\/v2\/posts"}],"about":[{"href":"https:\/\/diarioregionaldigital.com.br\/index.php?rest_route=\/wp\/v2\/types\/post"}],"author":[{"embeddable":true,"href":"https:\/\/diarioregionaldigital.com.br\/index.php?rest_route=\/wp\/v2\/users\/96"}],"replies":[{"embeddable":true,"href":"https:\/\/diarioregionaldigital.com.br\/index.php?rest_route=%2Fwp%2Fv2%2Fcomments&post=119664"}],"version-history":[{"count":0,"href":"https:\/\/diarioregionaldigital.com.br\/index.php?rest_route=\/wp\/v2\/posts\/119664\/revisions"}],"wp:featuredmedia":[{"embeddable":true,"href":"https:\/\/diarioregionaldigital.com.br\/index.php?rest_route=\/wp\/v2\/media\/119667"}],"wp:attachment":[{"href":"https:\/\/diarioregionaldigital.com.br\/index.php?rest_route=%2Fwp%2Fv2%2Fmedia&parent=119664"}],"wp:term":[{"taxonomy":"category","embeddable":true,"href":"https:\/\/diarioregionaldigital.com.br\/index.php?rest_route=%2Fwp%2Fv2%2Fcategories&post=119664"},{"taxonomy":"post_tag","embeddable":true,"href":"https:\/\/diarioregionaldigital.com.br\/index.php?rest_route=%2Fwp%2Fv2%2Ftags&post=119664"}],"curies":[{"name":"wp","href":"https:\/\/api.w.org\/{rel}","templated":true}]}}