{"id":119658,"date":"2018-09-17T08:37:56","date_gmt":"2018-09-17T11:37:56","guid":{"rendered":"https:\/\/diarioregionaldigital.com.br\/?p=119658"},"modified":"2018-09-17T08:37:56","modified_gmt":"2018-09-17T11:37:56","slug":"alunos-da-escola-municipal-elpidio-correa-farias-se-apresentam-na-festa-alema","status":"publish","type":"post","link":"https:\/\/diarioregionaldigital.com.br\/?p=119658","title":{"rendered":"Alunos da Escola Municipal Elp\u00eddio C\u00f4rrea Farias se apresentam na Festa Alem\u00e3"},"content":{"rendered":"<p>Os alunos da Escola Municipal Elp\u00eddio Corr\u00eaa Farias apresentar\u00e3o dan\u00e7a t\u00edpica na Festa Alem\u00e3, no s\u00e1bado, 15, \u00e0s 14 horas. A festividade, considerada patrim\u00f4nio cultural de Juiz de Fora, valoriza a cultura colonizadora na mem\u00f3ria urbana da cidade. A escola vem trabalhando com os alunos um projeto de valoriza\u00e7\u00e3o do legado alem\u00e3o na cidade e, em especial, no Bairro Borboleta.<\/p>\n<p>Esse ser\u00e1 o terceiro ano em que os alunos, orientados pela professora de dan\u00e7a Fabiana Azalin, colocar\u00e3o em pr\u00e1tica ensinamentos sobre a import\u00e2ncia da cultura e da pr\u00f3pria festa, realizando a apresenta\u00e7\u00e3o para a comunidade. Segundo a diretora da escola, Laura Haider, a participa\u00e7\u00e3o \u00e9 \u201csempre um sucesso. Os pais adoram, as crian\u00e7as participam com empolga\u00e7\u00e3o e a comunidade d\u00e1 muito apoio\u201d.<\/p>\n<p><em>Fonte: PJF<\/em><\/p>\n","protected":false},"excerpt":{"rendered":"<p>Os alunos da Escola Municipal Elp\u00eddio Corr\u00eaa Farias apresentar\u00e3o dan\u00e7a t\u00edpica na Festa Alem\u00e3, no s\u00e1bado, 15, \u00e0s 14 horas. A festividade, considerada patrim\u00f4nio cultural de Juiz de Fora, valoriza a cultura colonizadora na mem\u00f3ria urbana da cidade. A escola vem trabalhando com os alunos um projeto de valoriza\u00e7\u00e3o do legado alem\u00e3o na cidade e, [&hellip;]<\/p>\n","protected":false},"author":96,"featured_media":0,"comment_status":"closed","ping_status":"closed","sticky":false,"template":"","format":"standard","meta":{"footnotes":""},"categories":[253,439],"tags":[],"class_list":["post-119658","post","type-post","status-publish","format-standard","hentry","category-cidade","category-ultima-hora"],"_links":{"self":[{"href":"https:\/\/diarioregionaldigital.com.br\/index.php?rest_route=\/wp\/v2\/posts\/119658","targetHints":{"allow":["GET"]}}],"collection":[{"href":"https:\/\/diarioregionaldigital.com.br\/index.php?rest_route=\/wp\/v2\/posts"}],"about":[{"href":"https:\/\/diarioregionaldigital.com.br\/index.php?rest_route=\/wp\/v2\/types\/post"}],"author":[{"embeddable":true,"href":"https:\/\/diarioregionaldigital.com.br\/index.php?rest_route=\/wp\/v2\/users\/96"}],"replies":[{"embeddable":true,"href":"https:\/\/diarioregionaldigital.com.br\/index.php?rest_route=%2Fwp%2Fv2%2Fcomments&post=119658"}],"version-history":[{"count":0,"href":"https:\/\/diarioregionaldigital.com.br\/index.php?rest_route=\/wp\/v2\/posts\/119658\/revisions"}],"wp:attachment":[{"href":"https:\/\/diarioregionaldigital.com.br\/index.php?rest_route=%2Fwp%2Fv2%2Fmedia&parent=119658"}],"wp:term":[{"taxonomy":"category","embeddable":true,"href":"https:\/\/diarioregionaldigital.com.br\/index.php?rest_route=%2Fwp%2Fv2%2Fcategories&post=119658"},{"taxonomy":"post_tag","embeddable":true,"href":"https:\/\/diarioregionaldigital.com.br\/index.php?rest_route=%2Fwp%2Fv2%2Ftags&post=119658"}],"curies":[{"name":"wp","href":"https:\/\/api.w.org\/{rel}","templated":true}]}}