{"id":119652,"date":"2018-09-17T07:52:36","date_gmt":"2018-09-17T10:52:36","guid":{"rendered":"https:\/\/diarioregionaldigital.com.br\/?p=119652"},"modified":"2018-09-17T08:50:35","modified_gmt":"2018-09-17T11:50:35","slug":"policia-militar-registra-furto-de-joias-no-bairro-santa-cruz","status":"publish","type":"post","link":"https:\/\/diarioregionaldigital.com.br\/?p=119652","title":{"rendered":"Pol\u00edcia Militar registra furto de joias no bairro Santa Cruz"},"content":{"rendered":"<p>Na noite desse domingo, 16, um homem, de 35 anos, teve objetos furtados de dentro do seu carro no bairro Santa Cruz, zona Norte de Juiz de Fora. A v\u00edtima havia estacionado o ve\u00edculo na Rua Soldado Joaquim Gaspar, por volta das 19h, e quando voltou, um tempo depois, percebeu que uma das portas do carro estava arrombada. Um mostru\u00e1rio de joias, avaliado em aproximadamente R$36 mil, foi furtado de dentro do ve\u00edculo.<\/p>\n<p>N\u00e3o foram apresentados suspeitos. O carro foi levado para per\u00edcia t\u00e9cnica na delegacia, no bairro Santa Terezinha.<\/p>\n","protected":false},"excerpt":{"rendered":"<p>Na noite desse domingo, 16, um homem, de 35 anos, teve objetos furtados de dentro do seu carro no bairro Santa Cruz, zona Norte de Juiz de Fora. A v\u00edtima havia estacionado o ve\u00edculo na Rua Soldado Joaquim Gaspar, por volta das 19h, e quando voltou, um tempo depois, percebeu que uma das portas do [&hellip;]<\/p>\n","protected":false},"author":96,"featured_media":95836,"comment_status":"closed","ping_status":"closed","sticky":false,"template":"","format":"standard","meta":{"footnotes":""},"categories":[301],"tags":[],"class_list":["post-119652","post","type-post","status-publish","format-standard","has-post-thumbnail","hentry","category-artigos-policiais"],"_links":{"self":[{"href":"https:\/\/diarioregionaldigital.com.br\/index.php?rest_route=\/wp\/v2\/posts\/119652","targetHints":{"allow":["GET"]}}],"collection":[{"href":"https:\/\/diarioregionaldigital.com.br\/index.php?rest_route=\/wp\/v2\/posts"}],"about":[{"href":"https:\/\/diarioregionaldigital.com.br\/index.php?rest_route=\/wp\/v2\/types\/post"}],"author":[{"embeddable":true,"href":"https:\/\/diarioregionaldigital.com.br\/index.php?rest_route=\/wp\/v2\/users\/96"}],"replies":[{"embeddable":true,"href":"https:\/\/diarioregionaldigital.com.br\/index.php?rest_route=%2Fwp%2Fv2%2Fcomments&post=119652"}],"version-history":[{"count":0,"href":"https:\/\/diarioregionaldigital.com.br\/index.php?rest_route=\/wp\/v2\/posts\/119652\/revisions"}],"wp:featuredmedia":[{"embeddable":true,"href":"https:\/\/diarioregionaldigital.com.br\/index.php?rest_route=\/wp\/v2\/media\/95836"}],"wp:attachment":[{"href":"https:\/\/diarioregionaldigital.com.br\/index.php?rest_route=%2Fwp%2Fv2%2Fmedia&parent=119652"}],"wp:term":[{"taxonomy":"category","embeddable":true,"href":"https:\/\/diarioregionaldigital.com.br\/index.php?rest_route=%2Fwp%2Fv2%2Fcategories&post=119652"},{"taxonomy":"post_tag","embeddable":true,"href":"https:\/\/diarioregionaldigital.com.br\/index.php?rest_route=%2Fwp%2Fv2%2Ftags&post=119652"}],"curies":[{"name":"wp","href":"https:\/\/api.w.org\/{rel}","templated":true}]}}