{"id":119649,"date":"2018-09-16T16:50:38","date_gmt":"2018-09-16T19:50:38","guid":{"rendered":"https:\/\/diarioregionaldigital.com.br\/?p=119649"},"modified":"2018-09-16T16:50:38","modified_gmt":"2018-09-16T19:50:38","slug":"boletim-informa-estado-de-saude-de-jair-bolsonaro","status":"publish","type":"post","link":"https:\/\/diarioregionaldigital.com.br\/?p=119649","title":{"rendered":"Boletim informa estado de sa\u00fade de Jair Bolsonaro"},"content":{"rendered":"<p>O candidato \u00e0 Presid\u00eancia\u00a0Jair Bolsonaro (PSL)\u00a0foi transferido na manh\u00e3 deste domingo, 16, para uma unidade de cuidados semi-intensivos, segundo boletim divulgado pelo Hospital Israelita Albert Einstein. Ele recebeu alta da Unidade de Terapia Intensiva (UTI), onde estava desde a \u00faltima\u00a0<span id=\"OBJ_PREFIX_DWT2110_com_zimbra_date\" role=\"link\"><span id=\"OBJ_PREFIX_DWT2114_com_zimbra_date\" role=\"link\">quarta<\/span><\/span>-feira, 12, quando foi submetido a uma\u00a0<a href=\"http:\/\/agenciabrasil.ebc.com.br\/politica\/noticia\/2018-09\/bolsonaro-passa-por-cirurgia-de-emergencia\" target=\"_blank\" rel=\"noopener\">cirurgia de emerg\u00eancia\u00a0<\/a>para tratar uma ader\u00eancia que obstru\u00eda o intestino delgado.<\/p>\n<p>De acordo com o comunicado, a evolu\u00e7\u00e3o de Bolsonaro \u00e9 boa e ele continua sem febre. A alimenta\u00e7\u00e3o ainda est\u00e1 sendo feita por via endovenosa. O candidato est\u00e1 sendo submetido a medidas de preven\u00e7\u00e3o de trombose e fisioterapia respirat\u00f3ria\u00a0e motora.<\/p>\n<p>Bolsonaro sofreu uma facada durante um ato de campanha no \u00faltimo dia 6,\u00a0\u00a0em Juiz de Fora (MG) . Ap\u00f3s\u00a0<span id=\"OBJ_PREFIX_DWT2111_com_zimbra_date\" role=\"link\"><span id=\"OBJ_PREFIX_DWT2115_com_zimbra_date\" role=\"link\">ter<\/span><\/span>\u00a0sido atendido na Santa Casa da cidade, onde chegou a passar por uma primeira cirurgia, ele foi transferido, a pedido da fam\u00edlia, para o Hospital Albert Einstein, na capital paulista, na manh\u00e3 do dia\u00a07.<\/p>\n<p>Uma nova foto do candidato foi postada no Twitter dele. Na imagem, Bolsonaro aparece na penumbra com as pernas cruzadas e usando a roupa do Hospital Albert Einstein.<\/p>\n<h2>Investiga\u00e7\u00f5es<\/h2>\n<p>As investiga\u00e7\u00f5es sobre o caso s\u00e3o mantidas em sigilo e seguem duas frentes. Na primeira, o agressor teria agido\u00a0por motiva\u00e7\u00f5es pessoais, e, na segunda, haveria conex\u00f5es, com participa\u00e7\u00e3o de outras pessoas.<\/p>\n<p>Nas investiga\u00e7\u00f5es, a primeira linha\u00a0se baseia na apura\u00e7\u00e3o de que Ad\u00e9lio Bispo, o agressor confesso, cometeu a a\u00e7\u00e3o motivado por quest\u00f5es pol\u00edticas e religiosas. Quatro telefones celulares e um laptop dele s\u00e3o analisados pelos policiais. H\u00e1\u00a0tamb\u00e9m\u00a0informa\u00e7\u00f5es sobre a exist\u00eancia de um cart\u00e3o de cr\u00e9dito internacional.<\/p>\n<p>A\u00a0segunda\u00a0linha de investiga\u00e7\u00f5es considera as demais possibilidades: participa\u00e7\u00e3o de mais pessoais no ato e suspeitas diferentes das alegadas por Ad\u00e9lio nos seus depoimentos \u00e0 pol\u00edcia.<\/p>\n<p>H\u00e1\u00a0ainda\u00a0a possibilidade de a Pol\u00edcia Civil de Minas Gerais assumir o comando das investiga\u00e7\u00f5es em substitui\u00e7\u00e3o \u00e0 Pol\u00edcia Federal. Um promotor de Juiz de Fora, onde ocorreu o crime, pediu ao Tribunal de Justi\u00e7a de Minas Gerais que a quest\u00e3o seja avaliada.<\/p>\n<p>&nbsp;<\/p>\n<p>Fonte: Ag\u00eancia Brasil<\/p>\n","protected":false},"excerpt":{"rendered":"<p>O candidato \u00e0 Presid\u00eancia\u00a0Jair Bolsonaro (PSL)\u00a0foi transferido na manh\u00e3 deste domingo, 16, para uma unidade de cuidados semi-intensivos, segundo boletim divulgado pelo Hospital Israelita Albert Einstein. Ele recebeu alta da Unidade de Terapia Intensiva (UTI), onde estava desde a \u00faltima\u00a0quarta-feira, 12, quando foi submetido a uma\u00a0cirurgia de emerg\u00eancia\u00a0para tratar uma ader\u00eancia que obstru\u00eda o intestino [&hellip;]<\/p>\n","protected":false},"author":96,"featured_media":119650,"comment_status":"closed","ping_status":"closed","sticky":false,"template":"","format":"standard","meta":{"footnotes":""},"categories":[436,254,439],"tags":[],"class_list":["post-119649","post","type-post","status-publish","format-standard","has-post-thumbnail","hentry","category-destaque-da-semana","category-politica","category-ultima-hora"],"_links":{"self":[{"href":"https:\/\/diarioregionaldigital.com.br\/index.php?rest_route=\/wp\/v2\/posts\/119649","targetHints":{"allow":["GET"]}}],"collection":[{"href":"https:\/\/diarioregionaldigital.com.br\/index.php?rest_route=\/wp\/v2\/posts"}],"about":[{"href":"https:\/\/diarioregionaldigital.com.br\/index.php?rest_route=\/wp\/v2\/types\/post"}],"author":[{"embeddable":true,"href":"https:\/\/diarioregionaldigital.com.br\/index.php?rest_route=\/wp\/v2\/users\/96"}],"replies":[{"embeddable":true,"href":"https:\/\/diarioregionaldigital.com.br\/index.php?rest_route=%2Fwp%2Fv2%2Fcomments&post=119649"}],"version-history":[{"count":0,"href":"https:\/\/diarioregionaldigital.com.br\/index.php?rest_route=\/wp\/v2\/posts\/119649\/revisions"}],"wp:featuredmedia":[{"embeddable":true,"href":"https:\/\/diarioregionaldigital.com.br\/index.php?rest_route=\/wp\/v2\/media\/119650"}],"wp:attachment":[{"href":"https:\/\/diarioregionaldigital.com.br\/index.php?rest_route=%2Fwp%2Fv2%2Fmedia&parent=119649"}],"wp:term":[{"taxonomy":"category","embeddable":true,"href":"https:\/\/diarioregionaldigital.com.br\/index.php?rest_route=%2Fwp%2Fv2%2Fcategories&post=119649"},{"taxonomy":"post_tag","embeddable":true,"href":"https:\/\/diarioregionaldigital.com.br\/index.php?rest_route=%2Fwp%2Fv2%2Ftags&post=119649"}],"curies":[{"name":"wp","href":"https:\/\/api.w.org\/{rel}","templated":true}]}}