{"id":119634,"date":"2018-09-15T17:44:05","date_gmt":"2018-09-15T20:44:05","guid":{"rendered":"https:\/\/diarioregionaldigital.com.br\/?p=119634"},"modified":"2018-09-15T17:45:20","modified_gmt":"2018-09-15T20:45:20","slug":"semana-nacional-do-transito-comeca-na-terca-feira","status":"publish","type":"post","link":"https:\/\/diarioregionaldigital.com.br\/?p=119634","title":{"rendered":"Semana Nacional do Tr\u00e2nsito come\u00e7a na ter\u00e7a-feira"},"content":{"rendered":"<p>Ter\u00e1 in\u00edcio na ter\u00e7a-feira, 18, a Semana Nacional do Tr\u00e2nsito (SNT) de 2018, organizada na cidade pela Secretaria de Transporte e Tr\u00e2nsito (Settra) da Prefeitura de Juiz de Fora (PJF), em parceria com a Comiss\u00e3o Municipal de Seguran\u00e7a e Educa\u00e7\u00e3o no Tr\u00e2nsito (Comset). A abertura oficial est\u00e1 marcada para as 9 horas, no Cal\u00e7ad\u00e3o da Rua Halfeld, em frente ao Cine-Theatro Central. Haver\u00e1 tamb\u00e9m simula\u00e7\u00e3o de socorro com o Corpo de Bombeiros e apresenta\u00e7\u00e3o da banda de m\u00fasica da Pol\u00edcia Militar. Com a tem\u00e1tica \u201c#N\u00f3sSomosoTr\u00e2nsito\u201d, a SNT contar\u00e1 com diversas atividades, como a\u00e7\u00f5es educativas focadas na transforma\u00e7\u00e3o das atitudes dos envolvidos no tr\u00e2nsito, buscando um ambiente mais seguro e promovendo o engajamento de todos para a diminui\u00e7\u00e3o de acidentes e a valoriza\u00e7\u00e3o da vida.<\/p>\n<p>Ainda na ter\u00e7a-feira, \u00e0s 15 horas, haver\u00e1 audi\u00eancia p\u00fablica, na C\u00e2mara Municipal, para tratar sobre o tr\u00e2nsito da cidade. At\u00e9 o dia 25, ser\u00e3o realizadas diversas atividades. A programa\u00e7\u00e3o completa pode ser conferida <a href=\"https:\/\/www.pjf.mg.gov.br\/noticias\/anexo\/semana_transito.pdf\">em anexo.<\/a><\/p>\n<p>Fonte: Prefeitura de Juiz de Fora<\/p>\n","protected":false},"excerpt":{"rendered":"<p>Ter\u00e1 in\u00edcio na ter\u00e7a-feira, 18, a Semana Nacional do Tr\u00e2nsito (SNT) de 2018, organizada na cidade pela Secretaria de Transporte e Tr\u00e2nsito (Settra) da Prefeitura de Juiz de Fora (PJF), em parceria com a Comiss\u00e3o Municipal de Seguran\u00e7a e Educa\u00e7\u00e3o no Tr\u00e2nsito (Comset). A abertura oficial est\u00e1 marcada para as 9 horas, no Cal\u00e7ad\u00e3o da [&hellip;]<\/p>\n","protected":false},"author":96,"featured_media":119635,"comment_status":"closed","ping_status":"closed","sticky":false,"template":"","format":"standard","meta":{"footnotes":""},"categories":[253,436,439],"tags":[1220,1219],"class_list":["post-119634","post","type-post","status-publish","format-standard","has-post-thumbnail","hentry","category-cidade","category-destaque-da-semana","category-ultima-hora","tag-nos-somos-o-transito","tag-semana-nacional-do-transito"],"_links":{"self":[{"href":"https:\/\/diarioregionaldigital.com.br\/index.php?rest_route=\/wp\/v2\/posts\/119634","targetHints":{"allow":["GET"]}}],"collection":[{"href":"https:\/\/diarioregionaldigital.com.br\/index.php?rest_route=\/wp\/v2\/posts"}],"about":[{"href":"https:\/\/diarioregionaldigital.com.br\/index.php?rest_route=\/wp\/v2\/types\/post"}],"author":[{"embeddable":true,"href":"https:\/\/diarioregionaldigital.com.br\/index.php?rest_route=\/wp\/v2\/users\/96"}],"replies":[{"embeddable":true,"href":"https:\/\/diarioregionaldigital.com.br\/index.php?rest_route=%2Fwp%2Fv2%2Fcomments&post=119634"}],"version-history":[{"count":0,"href":"https:\/\/diarioregionaldigital.com.br\/index.php?rest_route=\/wp\/v2\/posts\/119634\/revisions"}],"wp:featuredmedia":[{"embeddable":true,"href":"https:\/\/diarioregionaldigital.com.br\/index.php?rest_route=\/wp\/v2\/media\/119635"}],"wp:attachment":[{"href":"https:\/\/diarioregionaldigital.com.br\/index.php?rest_route=%2Fwp%2Fv2%2Fmedia&parent=119634"}],"wp:term":[{"taxonomy":"category","embeddable":true,"href":"https:\/\/diarioregionaldigital.com.br\/index.php?rest_route=%2Fwp%2Fv2%2Fcategories&post=119634"},{"taxonomy":"post_tag","embeddable":true,"href":"https:\/\/diarioregionaldigital.com.br\/index.php?rest_route=%2Fwp%2Fv2%2Ftags&post=119634"}],"curies":[{"name":"wp","href":"https:\/\/api.w.org\/{rel}","templated":true}]}}