{"id":119511,"date":"2018-09-16T06:00:59","date_gmt":"2018-09-16T09:00:59","guid":{"rendered":"https:\/\/diarioregionaldigital.com.br\/?p=119511"},"modified":"2018-09-14T10:03:52","modified_gmt":"2018-09-14T13:03:52","slug":"cuidado-com-a-saude-dos-olhos-deve-receber-atencao-especial-dos-diabeticos","status":"publish","type":"post","link":"https:\/\/diarioregionaldigital.com.br\/?p=119511","title":{"rendered":"Cuidado com a sa\u00fade dos olhos deve receber aten\u00e7\u00e3o especial dos diab\u00e9ticos"},"content":{"rendered":"<p>Os dados do Minist\u00e9rio da Sa\u00fade apontam que entre 2006 e 2016, o n\u00famero de brasileiros com diabetes aumentou 61,8%. Com isso, a doen\u00e7a, que antes atingia 5,5% da popula\u00e7\u00e3o, agora atinge 8,9% de pessoas. Entre as mulheres, o \u00edndice \u00e9 de 9,9% e os homens somam 7,8%. Os dados foram fornecidos atrav\u00e9s da Pesquisa de Fatores de Risco e Prote\u00e7\u00e3o para Doen\u00e7as Cr\u00f4nicas por Inqu\u00e9rito Telef\u00f4nico (Vigitel).<\/p>\n<p>Profissionais ressaltam que pessoas diab\u00e9ticas devem ter uma aten\u00e7\u00e3o especial com a sa\u00fade dos olhos uma vez que as altas concentra\u00e7\u00f5es de glicose no sangue podem levar a diversas doen\u00e7as oculares.A pessoa que gerencia bem a taxa de glicemia, provavelmente apresenta problemas oculares de menor gravidade ou nem apresente. Luciano Arantes, Oftalmologista, explica que no in\u00edcio a pessoa n\u00e3o apresenta sintomas desses problemas. \u201c\u00c9 uma coisa que vai afetando o olho com o passar dos anos. A princ\u00edpio a pessoa nota alguns sinais, mas quando se tem altera\u00e7\u00f5es de fundo de olho, pequenas hemorragias na retina, n\u00e3o tem muito sintoma. \u00c9 um tipo de cegueira sintom\u00e1tica no in\u00edcio e se n\u00e3o tratada adequadamente desde o in\u00edcio, pode levar a cegueira pela retinopatia diab\u00e9tica\u201d, explica.<\/p>\n<p>A \u2018Retinopatia Diab\u00e9tica\u2019 \u00e9 uma doen\u00e7a que afeta os pequenos vasos da retina e est\u00e1 relacionada ao tempo de doen\u00e7a do paciente e ao controle do perfil metab\u00f3lico.\u201cTodo paciente diagnosticado ou fazendo tratamento da diabetes tem que fazer uma preven\u00e7\u00e3o da vis\u00e3o\u201d, afirma o oftalmologista.Al\u00e9m disso, Arantes afirma que a diabetes pode ocasionar em glaucoma e catarata. Ele ainda esclarece que esses problemas podem serdescobertos com exames per\u00edodo oftalmol\u00f3gicos, o \u2018fundo de olho\u2019. \u201cQuem j\u00e1 tem hist\u00f3rico familiar de diabetes, pessoas hipertensas, precisam fazer o exame anual peri\u00f3dico oftalmol\u00f3gico\u201d, conclui.<\/p>\n<p>TRATAMENTOS<\/p>\n<p>De acordo com o Minist\u00e9rio da Sa\u00fade, o Sistema \u00danico de Sa\u00fade (SUS), oferece aten\u00e7\u00e3o integral e gratuita contra a doen\u00e7a, com a\u00e7\u00f5es de preven\u00e7\u00e3o, detec\u00e7\u00e3o, controle e tratamento medicamentoso.<\/p>\n<p>A Associa\u00e7\u00e3o dos Diab\u00e9ticos de Juiz de Fora (ADJF), entidade filantr\u00f3pica privada e sem fins lucrativos, oferece suporte para pessoas de baixa renda, com consultas m\u00e9dicas e exames com pre\u00e7os acess\u00edveis.<\/p>\n<p>De acordo com Luiz Oscar, diretor e coordenador do Programa de Preven\u00e7\u00e3o a Cegueira Diab\u00e9tica da ADJF, para obter atendimento da institui\u00e7\u00e3o \u00e9 preciso ser s\u00f3cio. \u201cAp\u00f3s pessoa passar por uma entrevista para aferir a sua renda e ela \u00e9 enquadrada em uma faixa de mensalidade e custos\u201d. O pre\u00e7o das mensalidades, das consultas e exames varia de acordo com a classe econ\u00f4mica do paciente. \u201c\u00c9 tudo muito barato para atender a popula\u00e7\u00e3o que \u00e0s vezes n\u00e3o consegue usar o SUS e n\u00e3o pode usar o particular\u201d. Ainda segundo Oscar, entidade atende aproximadamente 2.500 pacientes. Por dia,<\/p>\n<p>em m\u00e9dia, 100 pessoas s\u00e3o atendidas pela Associa\u00e7\u00e3o dos Diab\u00e9ticos de Juiz de Fora.<\/p>\n","protected":false},"excerpt":{"rendered":"<p>Os dados do Minist\u00e9rio da Sa\u00fade apontam que entre 2006 e 2016, o n\u00famero de brasileiros com diabetes aumentou 61,8%. Com isso, a doen\u00e7a, que antes atingia 5,5% da popula\u00e7\u00e3o, agora atinge 8,9% de pessoas. Entre as mulheres, o \u00edndice \u00e9 de 9,9% e os homens somam 7,8%. Os dados foram fornecidos atrav\u00e9s da Pesquisa [&hellip;]<\/p>\n","protected":false},"author":96,"featured_media":119512,"comment_status":"closed","ping_status":"closed","sticky":false,"template":"","format":"standard","meta":{"footnotes":""},"categories":[253,436,440,439],"tags":[],"class_list":["post-119511","post","type-post","status-publish","format-standard","has-post-thumbnail","hentry","category-cidade","category-destaque-da-semana","category-destaques-do-dia","category-ultima-hora"],"_links":{"self":[{"href":"https:\/\/diarioregionaldigital.com.br\/index.php?rest_route=\/wp\/v2\/posts\/119511","targetHints":{"allow":["GET"]}}],"collection":[{"href":"https:\/\/diarioregionaldigital.com.br\/index.php?rest_route=\/wp\/v2\/posts"}],"about":[{"href":"https:\/\/diarioregionaldigital.com.br\/index.php?rest_route=\/wp\/v2\/types\/post"}],"author":[{"embeddable":true,"href":"https:\/\/diarioregionaldigital.com.br\/index.php?rest_route=\/wp\/v2\/users\/96"}],"replies":[{"embeddable":true,"href":"https:\/\/diarioregionaldigital.com.br\/index.php?rest_route=%2Fwp%2Fv2%2Fcomments&post=119511"}],"version-history":[{"count":0,"href":"https:\/\/diarioregionaldigital.com.br\/index.php?rest_route=\/wp\/v2\/posts\/119511\/revisions"}],"wp:featuredmedia":[{"embeddable":true,"href":"https:\/\/diarioregionaldigital.com.br\/index.php?rest_route=\/wp\/v2\/media\/119512"}],"wp:attachment":[{"href":"https:\/\/diarioregionaldigital.com.br\/index.php?rest_route=%2Fwp%2Fv2%2Fmedia&parent=119511"}],"wp:term":[{"taxonomy":"category","embeddable":true,"href":"https:\/\/diarioregionaldigital.com.br\/index.php?rest_route=%2Fwp%2Fv2%2Fcategories&post=119511"},{"taxonomy":"post_tag","embeddable":true,"href":"https:\/\/diarioregionaldigital.com.br\/index.php?rest_route=%2Fwp%2Fv2%2Ftags&post=119511"}],"curies":[{"name":"wp","href":"https:\/\/api.w.org\/{rel}","templated":true}]}}