{"id":119499,"date":"2018-09-14T09:48:41","date_gmt":"2018-09-14T12:48:41","guid":{"rendered":"https:\/\/diarioregionaldigital.com.br\/?p=119499"},"modified":"2018-09-14T09:48:41","modified_gmt":"2018-09-14T12:48:41","slug":"idosa-e-motorista-de-carreta-ficam-feridos-em-acidente-na-br-116","status":"publish","type":"post","link":"https:\/\/diarioregionaldigital.com.br\/?p=119499","title":{"rendered":"Idosa e motorista de carreta ficam feridos em acidente na BR-116"},"content":{"rendered":"<p>O motorista de uma carreta e uma idosa de 80 anos que viajava em um carro de passeio ficaram feridos ap\u00f3s um acidente envolvendo os dois ve\u00edculos no KM 691 da BR-116, pr\u00f3ximo a entrada de Itamuri, distrito de Muria\u00e9.<\/p>\n<p>De acordo com informa\u00e7\u00f5es, a carreta, carregada com materiais diversos, seguia sentido a Miradouro e tombou ao tentar realizar uma curva, invadindo a contram\u00e3o de dire\u00e7\u00e3o, espalhando a carga pelo acostamento e atingindo o autom\u00f3vel\u00a0Corsa Sedan, placas de Fervedouro que seguia em sentido contr\u00e1rio com tr\u00eas pessoas. O condutor do Corsa que \u00e9 filho da idosa e uma outra passageira n\u00e3o se feriram. As v\u00edtimas foram encaminhadas com ferimentos leves para o Hospital S\u00e3o Paulo em Muria\u00e9 e passam bem.<\/p>\n<p>A pista n\u00e3o precisou ser interditada e o tr\u00e1fego fluiu em uma das vias. As causas ser\u00e3o investigadas.<\/p>\n<p><em>Fonte: M\u00eddia Mineira<\/em><\/p>\n","protected":false},"excerpt":{"rendered":"<p>O motorista de uma carreta e uma idosa de 80 anos que viajava em um carro de passeio ficaram feridos ap\u00f3s um acidente envolvendo os dois ve\u00edculos no KM 691 da BR-116, pr\u00f3ximo a entrada de Itamuri, distrito de Muria\u00e9. De acordo com informa\u00e7\u00f5es, a carreta, carregada com materiais diversos, seguia sentido a Miradouro e [&hellip;]<\/p>\n","protected":false},"author":96,"featured_media":0,"comment_status":"closed","ping_status":"closed","sticky":false,"template":"","format":"standard","meta":{"footnotes":""},"categories":[252,439],"tags":[],"class_list":["post-119499","post","type-post","status-publish","format-standard","hentry","category-regiao","category-ultima-hora"],"_links":{"self":[{"href":"https:\/\/diarioregionaldigital.com.br\/index.php?rest_route=\/wp\/v2\/posts\/119499","targetHints":{"allow":["GET"]}}],"collection":[{"href":"https:\/\/diarioregionaldigital.com.br\/index.php?rest_route=\/wp\/v2\/posts"}],"about":[{"href":"https:\/\/diarioregionaldigital.com.br\/index.php?rest_route=\/wp\/v2\/types\/post"}],"author":[{"embeddable":true,"href":"https:\/\/diarioregionaldigital.com.br\/index.php?rest_route=\/wp\/v2\/users\/96"}],"replies":[{"embeddable":true,"href":"https:\/\/diarioregionaldigital.com.br\/index.php?rest_route=%2Fwp%2Fv2%2Fcomments&post=119499"}],"version-history":[{"count":0,"href":"https:\/\/diarioregionaldigital.com.br\/index.php?rest_route=\/wp\/v2\/posts\/119499\/revisions"}],"wp:attachment":[{"href":"https:\/\/diarioregionaldigital.com.br\/index.php?rest_route=%2Fwp%2Fv2%2Fmedia&parent=119499"}],"wp:term":[{"taxonomy":"category","embeddable":true,"href":"https:\/\/diarioregionaldigital.com.br\/index.php?rest_route=%2Fwp%2Fv2%2Fcategories&post=119499"},{"taxonomy":"post_tag","embeddable":true,"href":"https:\/\/diarioregionaldigital.com.br\/index.php?rest_route=%2Fwp%2Fv2%2Ftags&post=119499"}],"curies":[{"name":"wp","href":"https:\/\/api.w.org\/{rel}","templated":true}]}}