{"id":119463,"date":"2018-09-16T06:00:25","date_gmt":"2018-09-16T09:00:25","guid":{"rendered":"https:\/\/diarioregionaldigital.com.br\/?p=119463"},"modified":"2018-09-13T21:22:36","modified_gmt":"2018-09-14T00:22:36","slug":"muito-alem","status":"publish","type":"post","link":"https:\/\/diarioregionaldigital.com.br\/?p=119463","title":{"rendered":"Muito Al\u00e9m"},"content":{"rendered":"<p style=\"text-align: center;\"><strong>Voc\u00ea Sabia?<\/strong><\/p>\n<p style=\"text-align: center;\">Ecos da grande recess\u00e3o: desde setembro de 2008, quando a economia global foi abalada pelo colapso do banco Lehman Brothers, o endividamento de governos, empresas e fam\u00edlias n\u00e3o para de crescer. Saltou 43% em todo o mundo e deixa emergentes vulner\u00e1veis.<\/p>\n<p style=\"text-align: center;\"><strong>Novidade<\/strong><\/p>\n<p style=\"text-align: center;\">As \u00c1guas Pratas querem conquistar quem gosta de drinques e lan\u00e7ou uma linha especial de mixers, como s\u00e3o chamados as \u00e1guas feitas para preparar coquet\u00e9is. T\u00f4nica, Citrus e Club Soda v\u00e3o bem com vodca, gim, cacha\u00e7a e at\u00e9 mesmo puras.<\/p>\n<p style=\"text-align: center;\"><strong>Em Alta<\/strong><\/p>\n<p style=\"text-align: center;\">Juiz de Fora, considerada uma cidade boa para se viver, ficou em 21\u00ba lugar entre as cem cidades mais inteligentes do Brasil segundo a lista divulgada pela Connected Smart Cities 2018. Em Minas Gerais permanece na segunda coloca\u00e7\u00e3o, atr\u00e1s, apenas de Belo Horizonte.<\/p>\n<p style=\"text-align: center;\"><strong>Muito Al\u00e9m<\/strong><\/p>\n<p style=\"text-align: center;\">Com seu carisma e alegria a escritora infantil Margareth Marinho, escreve, pinta e borda cultura. Ela criou a Escola de Escritores e a Funalfa desenvolveu o belo projeto. O resultado foi a implanta\u00e7\u00e3o do projeto, tamb\u00e9m, em Rio Novo e Tr\u00eas Rios (RJ). Ela comemora e este colunista tamb\u00e9m.<\/p>\n<p style=\"text-align: center;\"><strong>Boa Not\u00edcia<\/strong><\/p>\n<p style=\"text-align: center;\">S\u00e9ria e competente a delegada Ione Barbosa, mestranda em Ci\u00eancia Social, teve sua disserta\u00e7\u00e3o aprovada no programa de p\u00f3s-gradua\u00e7\u00e3o da UFJF. Na pauta, a Lei Maria da Penha: os dois lados.<\/p>\n<p style=\"text-align: center;\"><strong>Para Aliviar<\/strong><\/p>\n<p style=\"text-align: center;\">A equipe econ\u00f4mica est\u00e1 preparando uma esp\u00e9cie de pacote p\u00f3s-elei\u00e7\u00e3o. S\u00e3o medidas que devem ser enviadas ao Congresso j\u00e1 na semana seguinte ao segundo turno. Entre as medidas uma para a simplifica\u00e7\u00e3o do PIS\/Cofins.<\/p>\n<p style=\"text-align: center;\"><strong>Deu Branco<\/strong><\/p>\n<p style=\"text-align: center;\">Se algum dia j\u00e1 foi cafona, saiba que n\u00e3o \u00e9 mais. A Chanel lan\u00e7ou uma nova vers\u00e3o do delineador branco. Seja apenas com uma tra\u00e7o ou com a sombra cobrindo as p\u00e1lpebra toda a ordem do maquiador Lisandro Reis \u00e9 ousar.<\/p>\n<div id=\"attachment_119424\" style=\"width: 690px\" class=\"wp-caption aligncenter\"><img loading=\"lazy\" decoding=\"async\" aria-describedby=\"caption-attachment-119424\" class=\"wp-image-119424\" src=\"https:\/\/diarioregionaldigital.com.br\/wp-content\/uploads\/2018\/09\/fotoa-9-e1536883114791.jpg\" alt=\"\" width=\"680\" height=\"553\" srcset=\"https:\/\/diarioregionaldigital.com.br\/wp-content\/uploads\/2018\/09\/fotoa-9-e1536883114791.jpg 552w, https:\/\/diarioregionaldigital.com.br\/wp-content\/uploads\/2018\/09\/fotoa-9-e1536883114791-300x244.jpg 300w, https:\/\/diarioregionaldigital.com.br\/wp-content\/uploads\/2018\/09\/fotoa-9-e1536883114791-220x180.jpg 220w, https:\/\/diarioregionaldigital.com.br\/wp-content\/uploads\/2018\/09\/fotoa-9-e1536883114791-360x293.jpg 360w\" sizes=\"auto, (max-width: 680px) 100vw, 680px\" \/><p id=\"caption-attachment-119424\" class=\"wp-caption-text\">Um foco de luz na bela e elegante jornalista Renata Vasconcellos<\/p><\/div>\n<div id=\"attachment_119425\" style=\"width: 690px\" class=\"wp-caption aligncenter\"><img loading=\"lazy\" decoding=\"async\" aria-describedby=\"caption-attachment-119425\" class=\"wp-image-119425\" src=\"https:\/\/diarioregionaldigital.com.br\/wp-content\/uploads\/2018\/09\/fotoaa-6-e1536883134114.jpg\" alt=\"\" width=\"680\" height=\"473\" srcset=\"https:\/\/diarioregionaldigital.com.br\/wp-content\/uploads\/2018\/09\/fotoaa-6-e1536883134114.jpg 717w, https:\/\/diarioregionaldigital.com.br\/wp-content\/uploads\/2018\/09\/fotoaa-6-e1536883134114-300x210.jpg 300w, https:\/\/diarioregionaldigital.com.br\/wp-content\/uploads\/2018\/09\/fotoaa-6-e1536883134114-360x251.jpg 360w, https:\/\/diarioregionaldigital.com.br\/wp-content\/uploads\/2018\/09\/fotoaa-6-e1536883134114-100x70.jpg 100w\" sizes=\"auto, (max-width: 680px) 100vw, 680px\" \/><p id=\"caption-attachment-119425\" class=\"wp-caption-text\">Festejando anivers\u00e1rio no Bom Pastor, o cantor Gustavo Anthony ladeado de Lara Lopes e Pamela Lopes<\/p><\/div>\n<div id=\"attachment_119426\" style=\"width: 690px\" class=\"wp-caption aligncenter\"><img loading=\"lazy\" decoding=\"async\" aria-describedby=\"caption-attachment-119426\" class=\"wp-image-119426\" src=\"https:\/\/diarioregionaldigital.com.br\/wp-content\/uploads\/2018\/09\/fotob-7-e1536883156561.jpg\" alt=\"\" width=\"680\" height=\"537\" srcset=\"https:\/\/diarioregionaldigital.com.br\/wp-content\/uploads\/2018\/09\/fotob-7-e1536883156561.jpg 768w, https:\/\/diarioregionaldigital.com.br\/wp-content\/uploads\/2018\/09\/fotob-7-e1536883156561-300x237.jpg 300w, https:\/\/diarioregionaldigital.com.br\/wp-content\/uploads\/2018\/09\/fotob-7-e1536883156561-360x285.jpg 360w\" sizes=\"auto, (max-width: 680px) 100vw, 680px\" \/><p id=\"caption-attachment-119426\" class=\"wp-caption-text\">O bonit\u00e3o Wesley Lorenzetto, em clima veranito na Praia de Ipanema, no Rio de Janeiro<\/p><\/div>\n<div id=\"attachment_119427\" style=\"width: 690px\" class=\"wp-caption aligncenter\"><img loading=\"lazy\" decoding=\"async\" aria-describedby=\"caption-attachment-119427\" class=\"wp-image-119427\" src=\"https:\/\/diarioregionaldigital.com.br\/wp-content\/uploads\/2018\/09\/fotobb-6.jpg\" alt=\"\" width=\"680\" height=\"680\" srcset=\"https:\/\/diarioregionaldigital.com.br\/wp-content\/uploads\/2018\/09\/fotobb-6.jpg 959w, https:\/\/diarioregionaldigital.com.br\/wp-content\/uploads\/2018\/09\/fotobb-6-150x150.jpg 150w, https:\/\/diarioregionaldigital.com.br\/wp-content\/uploads\/2018\/09\/fotobb-6-300x300.jpg 300w, https:\/\/diarioregionaldigital.com.br\/wp-content\/uploads\/2018\/09\/fotobb-6-768x768.jpg 768w, https:\/\/diarioregionaldigital.com.br\/wp-content\/uploads\/2018\/09\/fotobb-6-180x180.jpg 180w, https:\/\/diarioregionaldigital.com.br\/wp-content\/uploads\/2018\/09\/fotobb-6-600x600.jpg 600w, https:\/\/diarioregionaldigital.com.br\/wp-content\/uploads\/2018\/09\/fotobb-6-120x120.jpg 120w, https:\/\/diarioregionaldigital.com.br\/wp-content\/uploads\/2018\/09\/fotobb-6-360x360.jpg 360w, https:\/\/diarioregionaldigital.com.br\/wp-content\/uploads\/2018\/09\/fotobb-6-80x80.jpg 80w\" sizes=\"auto, (max-width: 680px) 100vw, 680px\" \/><p id=\"caption-attachment-119427\" class=\"wp-caption-text\">Aniversariante de destaque do domingo, 16, Felipe Nogueira recebe com a noiva D\u00e9bora Gonzales para churrasco no Estrela Sul<\/p><\/div>\n<div id=\"attachment_119428\" style=\"width: 690px\" class=\"wp-caption aligncenter\"><img loading=\"lazy\" decoding=\"async\" aria-describedby=\"caption-attachment-119428\" class=\"wp-image-119428\" src=\"https:\/\/diarioregionaldigital.com.br\/wp-content\/uploads\/2018\/09\/fotoc-6-e1536883184150.jpg\" alt=\"\" width=\"680\" height=\"567\" srcset=\"https:\/\/diarioregionaldigital.com.br\/wp-content\/uploads\/2018\/09\/fotoc-6-e1536883184150.jpg 720w, https:\/\/diarioregionaldigital.com.br\/wp-content\/uploads\/2018\/09\/fotoc-6-e1536883184150-300x250.jpg 300w, https:\/\/diarioregionaldigital.com.br\/wp-content\/uploads\/2018\/09\/fotoc-6-e1536883184150-360x300.jpg 360w\" sizes=\"auto, (max-width: 680px) 100vw, 680px\" \/><p id=\"caption-attachment-119428\" class=\"wp-caption-text\">O coiffeur Juan Sartini provando seu amor pelos animais<\/p><\/div>\n<div id=\"attachment_119429\" style=\"width: 690px\" class=\"wp-caption aligncenter\"><img loading=\"lazy\" decoding=\"async\" aria-describedby=\"caption-attachment-119429\" class=\"wp-image-119429\" src=\"https:\/\/diarioregionaldigital.com.br\/wp-content\/uploads\/2018\/09\/fotod-7-e1536883218680.jpg\" alt=\"\" width=\"680\" height=\"489\" srcset=\"https:\/\/diarioregionaldigital.com.br\/wp-content\/uploads\/2018\/09\/fotod-7-e1536883218680.jpg 960w, https:\/\/diarioregionaldigital.com.br\/wp-content\/uploads\/2018\/09\/fotod-7-e1536883218680-300x216.jpg 300w, https:\/\/diarioregionaldigital.com.br\/wp-content\/uploads\/2018\/09\/fotod-7-e1536883218680-768x553.jpg 768w, https:\/\/diarioregionaldigital.com.br\/wp-content\/uploads\/2018\/09\/fotod-7-e1536883218680-360x259.jpg 360w\" sizes=\"auto, (max-width: 680px) 100vw, 680px\" \/><p id=\"caption-attachment-119429\" class=\"wp-caption-text\">Waleska Rom\u00e3o e o fot\u00f3grafo Daniel Braga em um relacionamento s\u00e9rio posaram em Paraty<\/p><\/div>\n<div id=\"attachment_119430\" style=\"width: 690px\" class=\"wp-caption aligncenter\"><img loading=\"lazy\" decoding=\"async\" aria-describedby=\"caption-attachment-119430\" class=\"wp-image-119430\" src=\"https:\/\/diarioregionaldigital.com.br\/wp-content\/uploads\/2018\/09\/fotoe-7-e1536883234403.jpg\" alt=\"\" width=\"680\" height=\"500\" srcset=\"https:\/\/diarioregionaldigital.com.br\/wp-content\/uploads\/2018\/09\/fotoe-7-e1536883234403.jpg 734w, https:\/\/diarioregionaldigital.com.br\/wp-content\/uploads\/2018\/09\/fotoe-7-e1536883234403-300x221.jpg 300w, https:\/\/diarioregionaldigital.com.br\/wp-content\/uploads\/2018\/09\/fotoe-7-e1536883234403-360x265.jpg 360w\" sizes=\"auto, (max-width: 680px) 100vw, 680px\" \/><p id=\"caption-attachment-119430\" class=\"wp-caption-text\">Na Para\u00edba, os lindos blogueiro e DJ Pedro Amilcar e a jornalista juiz-forana Andr\u00e9a Barros<\/p><\/div>\n<div id=\"attachment_119432\" style=\"width: 690px\" class=\"wp-caption aligncenter\"><img loading=\"lazy\" decoding=\"async\" aria-describedby=\"caption-attachment-119432\" class=\"wp-image-119432\" src=\"https:\/\/diarioregionaldigital.com.br\/wp-content\/uploads\/2018\/09\/fotog-7-e1536883257721.jpg\" alt=\"\" width=\"680\" height=\"528\" srcset=\"https:\/\/diarioregionaldigital.com.br\/wp-content\/uploads\/2018\/09\/fotog-7-e1536883257721.jpg 720w, https:\/\/diarioregionaldigital.com.br\/wp-content\/uploads\/2018\/09\/fotog-7-e1536883257721-300x233.jpg 300w, https:\/\/diarioregionaldigital.com.br\/wp-content\/uploads\/2018\/09\/fotog-7-e1536883257721-360x280.jpg 360w\" sizes=\"auto, (max-width: 680px) 100vw, 680px\" \/><p id=\"caption-attachment-119432\" class=\"wp-caption-text\">No Recanto Ga\u00facho em Cabo Frio fazendo estilo fazendeira a bela Rebeca Felini<\/p><\/div>\n<div id=\"attachment_119433\" style=\"width: 690px\" class=\"wp-caption aligncenter\"><img loading=\"lazy\" decoding=\"async\" aria-describedby=\"caption-attachment-119433\" class=\"wp-image-119433\" src=\"https:\/\/diarioregionaldigital.com.br\/wp-content\/uploads\/2018\/09\/fotoh-7-e1536883285819.jpg\" alt=\"\" width=\"680\" height=\"567\" srcset=\"https:\/\/diarioregionaldigital.com.br\/wp-content\/uploads\/2018\/09\/fotoh-7-e1536883285819.jpg 720w, https:\/\/diarioregionaldigital.com.br\/wp-content\/uploads\/2018\/09\/fotoh-7-e1536883285819-300x250.jpg 300w, https:\/\/diarioregionaldigital.com.br\/wp-content\/uploads\/2018\/09\/fotoh-7-e1536883285819-360x300.jpg 360w\" sizes=\"auto, (max-width: 680px) 100vw, 680px\" \/><p id=\"caption-attachment-119433\" class=\"wp-caption-text\">No Clube Monte Libano no Rio, o elegante casal, Alexandre Tostes e Simone Zaka Tostes<\/p><\/div>\n<div id=\"attachment_119434\" style=\"width: 690px\" class=\"wp-caption aligncenter\"><img loading=\"lazy\" decoding=\"async\" aria-describedby=\"caption-attachment-119434\" class=\"wp-image-119434\" src=\"https:\/\/diarioregionaldigital.com.br\/wp-content\/uploads\/2018\/09\/fotoi-9-e1536883322287.jpg\" alt=\"\" width=\"680\" height=\"470\" srcset=\"https:\/\/diarioregionaldigital.com.br\/wp-content\/uploads\/2018\/09\/fotoi-9-e1536883322287.jpg 649w, https:\/\/diarioregionaldigital.com.br\/wp-content\/uploads\/2018\/09\/fotoi-9-e1536883322287-300x208.jpg 300w, https:\/\/diarioregionaldigital.com.br\/wp-content\/uploads\/2018\/09\/fotoi-9-e1536883322287-360x249.jpg 360w, https:\/\/diarioregionaldigital.com.br\/wp-content\/uploads\/2018\/09\/fotoi-9-e1536883322287-100x70.jpg 100w\" sizes=\"auto, (max-width: 680px) 100vw, 680px\" \/><p id=\"caption-attachment-119434\" class=\"wp-caption-text\">Curtindo km por hora, o bonito casal F\u00e1bio Gama e Erica Franco Gama<\/p><\/div>\n<p style=\"text-align: center;\"><strong>FOTOSS\u00cdNTESE<\/strong><\/p>\n<p>Em tempo de alerta total a Campanha pela preven\u00e7\u00e3o do suic\u00eddio dentro do Setembro Amarelo destaca mensagens acolhedoras e telefones de servi\u00e7os que oferecem ajuda estampados em cartazes pela UFJF.<\/p>\n<p>Para aliviar tens\u00e3o, a PJF e a ArcelorMittal fizeram parceria e as Escolas Municipais v\u00e3o ensinar alunos a jogar xadrez.<\/p>\n<p>A Unicred comemora, no dia 20 de outubro, 25 anos de atividade em Juiz de Fora.<\/p>\n<p>Mulheres lindas e perfumadas enfeitaram o show de F\u00e1bio J\u00fanior e Jos\u00e9 Augusto no Terrazzo. Dividindo mesa, Magda Morandi, Adelaide Rodrigues e Eunice Fraga.<\/p>\n<p>No Espa\u00e7o Cultural Correios segue a coletiva Inter Subjetividades, com trabalhos do Ateli\u00ea 404, primeira galeria de arte contempor\u00e2nea n\u00e3o institucional de Rio das Ostras.<\/p>\n<p>As belas pinturas, gravuras e objetos de Farnese de Andrade est\u00e3o em exposi\u00e7\u00e3o no Museu de Arte Murilo Mendes.<\/p>\n<p>O Privil\u00e8ge esteve fervilhando com o Atitude 67. Circulado no sal\u00e3o, Isabela Og, Paola Campos, Vagner Ara\u00fajo, Renata Guerra e Milen Ruffo.<\/p>\n<p>Usando seu racioc\u00ednio como base, a aluna do ensino m\u00e9dio da escola Gabriela Gon\u00e7alves da Silva, Brenda Corr\u00eaa Leite foi selecionada para o Campeonato Brasileiro de Xadrez Escola, que come\u00e7a dia 20, em Caxambu.<\/p>\n<p>Aten\u00e7\u00e3o: O grupo Ingoma abriu inscri\u00e7\u00f5es para turma extra da oficina de Tambor Mineiro, que ter\u00e1 in\u00edcio no dia 20 de setembro.<\/p>\n<p>Agendando para 24 e 29 de setembro, o Festcoros \u00e9 um sucesso s\u00f3. O maestro Dom\u00edcio Proc\u00f3pio e Cirin\u00e9ia Xavier avisam que os corais nacionais e internacionais s\u00e3o de primeira linha.<\/p>\n<p>Cultivando vida saud\u00e1vel Hugo Amaral da VidAtiva vai representar Juiz de Fora no Mundial de Ironman, dia 3 de outubro, em Kona.<\/p>\n<p>Para ficar ligado: o sorriso da sorte alegra e d\u00e1 a entender que uma for\u00e7a maior protege seus passos e promove o bem-estar, espalhando luz do dia. Vida que segue. Bom findes.<\/p>\n","protected":false},"excerpt":{"rendered":"<p>Voc\u00ea Sabia? Ecos da grande recess\u00e3o: desde setembro de 2008, quando a economia global foi abalada pelo colapso do banco Lehman Brothers, o endividamento de governos, empresas e fam\u00edlias n\u00e3o para de crescer. Saltou 43% em todo o mundo e deixa emergentes vulner\u00e1veis. Novidade As \u00c1guas Pratas querem conquistar quem gosta de drinques e lan\u00e7ou [&hellip;]<\/p>\n","protected":false},"author":96,"featured_media":119424,"comment_status":"closed","ping_status":"closed","sticky":false,"template":"","format":"standard","meta":{"footnotes":""},"categories":[264],"tags":[],"class_list":["post-119463","post","type-post","status-publish","format-standard","has-post-thumbnail","hentry","category-eduardo-gomes"],"_links":{"self":[{"href":"https:\/\/diarioregionaldigital.com.br\/index.php?rest_route=\/wp\/v2\/posts\/119463","targetHints":{"allow":["GET"]}}],"collection":[{"href":"https:\/\/diarioregionaldigital.com.br\/index.php?rest_route=\/wp\/v2\/posts"}],"about":[{"href":"https:\/\/diarioregionaldigital.com.br\/index.php?rest_route=\/wp\/v2\/types\/post"}],"author":[{"embeddable":true,"href":"https:\/\/diarioregionaldigital.com.br\/index.php?rest_route=\/wp\/v2\/users\/96"}],"replies":[{"embeddable":true,"href":"https:\/\/diarioregionaldigital.com.br\/index.php?rest_route=%2Fwp%2Fv2%2Fcomments&post=119463"}],"version-history":[{"count":0,"href":"https:\/\/diarioregionaldigital.com.br\/index.php?rest_route=\/wp\/v2\/posts\/119463\/revisions"}],"wp:featuredmedia":[{"embeddable":true,"href":"https:\/\/diarioregionaldigital.com.br\/index.php?rest_route=\/wp\/v2\/media\/119424"}],"wp:attachment":[{"href":"https:\/\/diarioregionaldigital.com.br\/index.php?rest_route=%2Fwp%2Fv2%2Fmedia&parent=119463"}],"wp:term":[{"taxonomy":"category","embeddable":true,"href":"https:\/\/diarioregionaldigital.com.br\/index.php?rest_route=%2Fwp%2Fv2%2Fcategories&post=119463"},{"taxonomy":"post_tag","embeddable":true,"href":"https:\/\/diarioregionaldigital.com.br\/index.php?rest_route=%2Fwp%2Fv2%2Ftags&post=119463"}],"curies":[{"name":"wp","href":"https:\/\/api.w.org\/{rel}","templated":true}]}}