{"id":119454,"date":"2018-09-14T06:00:06","date_gmt":"2018-09-14T09:00:06","guid":{"rendered":"https:\/\/diarioregionaldigital.com.br\/?p=119454"},"modified":"2018-09-13T20:50:03","modified_gmt":"2018-09-13T23:50:03","slug":"ilusao","status":"publish","type":"post","link":"https:\/\/diarioregionaldigital.com.br\/?p=119454","title":{"rendered":"Ilus\u00e3o"},"content":{"rendered":"<p style=\"text-align: center;\"><strong>Reciclar<\/strong><\/p>\n<p style=\"text-align: center;\">Os estados brasileiros s\u00e3o verdadeiras capitanias heredit\u00e1rias da pol\u00edtica. Para come\u00e7armos uma renova\u00e7\u00e3o nas expectativas de mudan\u00e7a em nossa sociedade precisamos oxigenar os pensamentos e as tend\u00eancias ao continu\u00edsmo atrav\u00e9s da perpetua\u00e7\u00e3o do poder. Vamos come\u00e7ar a votar observando o hist\u00f3rico familiar: o DNA, nesse caso, \u00e9 um aspecto fundamental para mudan\u00e7as essenciais.<\/p>\n<p style=\"text-align: center;\"><strong>Piu\u00ed\u00ed\u00ed\u00ed\u00ed<\/strong><\/p>\n<p style=\"text-align: center;\">Um belo projeto piloto foi implantado pela MRS na passagem de n\u00edvel da Rua Calil Ahouagi, pr\u00f3ximo \u00e0 sede social do Tupi. No piso, uma pintura, em vermelho alerta: \u201cFerrovia \u2013 N\u00e3o use celular nem fones de ouvido\u201d.<\/p>\n<p style=\"text-align: center;\"><strong>Beleza Rara<\/strong><\/p>\n<p style=\"text-align: center;\">Causando impacto visual o bel\u00edssimo painel nas paredes da rampa da Faculdade de Educa\u00e7\u00e3o da UFJF. A pintura assinada por Renata Dorea, Matheus Assun\u00e7\u00e3o, Mar\u00e9 e Andressa Silva aborda elementos da visualidade afro-brasileira.<\/p>\n<p style=\"text-align: center;\"><strong>Dica<\/strong><\/p>\n<p style=\"text-align: center;\">A nova temporada de \u201cThe Walking Dead\u201d estreia dia 7 de outubro. \u00c9 o mesmo dia da exibi\u00e7\u00e3o nos EUA. Ponto para a FOX.<\/p>\n<p style=\"text-align: center;\"><strong>Ilus\u00e3o<\/strong><\/p>\n<p style=\"text-align: center;\">Destino de sonho da nova onda de imigrantes, Portugal virou um pesadelo para 235 brasileiros. Eles formam um grupo de desiludidos por n\u00e3o terem conseguido emprego fixo e estabilidade no pa\u00eds. Sem dinheiro, os brasileiros agora recorrem a programa de retorno. Amargo regresso.<\/p>\n<div id=\"attachment_119411\" style=\"width: 690px\" class=\"wp-caption aligncenter\"><img loading=\"lazy\" decoding=\"async\" aria-describedby=\"caption-attachment-119411\" class=\"wp-image-119411\" src=\"https:\/\/diarioregionaldigital.com.br\/wp-content\/uploads\/2018\/09\/fotoa-8-e1536882016440.jpg\" alt=\"\" width=\"680\" height=\"454\" srcset=\"https:\/\/diarioregionaldigital.com.br\/wp-content\/uploads\/2018\/09\/fotoa-8-e1536882016440.jpg 624w, https:\/\/diarioregionaldigital.com.br\/wp-content\/uploads\/2018\/09\/fotoa-8-e1536882016440-300x200.jpg 300w, https:\/\/diarioregionaldigital.com.br\/wp-content\/uploads\/2018\/09\/fotoa-8-e1536882016440-360x241.jpg 360w\" sizes=\"auto, (max-width: 680px) 100vw, 680px\" \/><p id=\"caption-attachment-119411\" class=\"wp-caption-text\">Em cartaz no Theatro Central, no s\u00e1bado, 15, com o show \u201c\u00c0 Flor da Pele\u201d o talentoso cantor Luiz Gamonal<\/p><\/div>\n<div id=\"attachment_119422\" style=\"width: 690px\" class=\"wp-caption aligncenter\"><img loading=\"lazy\" decoding=\"async\" aria-describedby=\"caption-attachment-119422\" class=\"wp-image-119422\" src=\"https:\/\/diarioregionaldigital.com.br\/wp-content\/uploads\/2018\/09\/fotoj-4-e1536882261970.jpg\" alt=\"\" width=\"680\" height=\"492\" srcset=\"https:\/\/diarioregionaldigital.com.br\/wp-content\/uploads\/2018\/09\/fotoj-4-e1536882261970.jpg 693w, https:\/\/diarioregionaldigital.com.br\/wp-content\/uploads\/2018\/09\/fotoj-4-e1536882261970-300x217.jpg 300w, https:\/\/diarioregionaldigital.com.br\/wp-content\/uploads\/2018\/09\/fotoj-4-e1536882261970-360x260.jpg 360w\" sizes=\"auto, (max-width: 680px) 100vw, 680px\" \/><p id=\"caption-attachment-119422\" class=\"wp-caption-text\">No desfile da Duomo, o charme de nosso Mr. Minas Gerais Unificado, Luan Ottoni Lukkerboll<\/p><\/div>\n<div id=\"attachment_119412\" style=\"width: 690px\" class=\"wp-caption aligncenter\"><img loading=\"lazy\" decoding=\"async\" aria-describedby=\"caption-attachment-119412\" class=\"wp-image-119412\" src=\"https:\/\/diarioregionaldigital.com.br\/wp-content\/uploads\/2018\/09\/fotoaa-5-e1536882054207.jpg\" alt=\"\" width=\"680\" height=\"491\" srcset=\"https:\/\/diarioregionaldigital.com.br\/wp-content\/uploads\/2018\/09\/fotoaa-5-e1536882054207.jpg 720w, https:\/\/diarioregionaldigital.com.br\/wp-content\/uploads\/2018\/09\/fotoaa-5-e1536882054207-300x217.jpg 300w, https:\/\/diarioregionaldigital.com.br\/wp-content\/uploads\/2018\/09\/fotoaa-5-e1536882054207-360x260.jpg 360w\" sizes=\"auto, (max-width: 680px) 100vw, 680px\" \/><p id=\"caption-attachment-119412\" class=\"wp-caption-text\">O fisioterapeuta Eduardo Gama mostra vitalidade na Cl\u00ednica Fisio &amp; Sa\u00fade<\/p><\/div>\n<div id=\"attachment_119413\" style=\"width: 690px\" class=\"wp-caption aligncenter\"><img loading=\"lazy\" decoding=\"async\" aria-describedby=\"caption-attachment-119413\" class=\"wp-image-119413\" src=\"https:\/\/diarioregionaldigital.com.br\/wp-content\/uploads\/2018\/09\/fotob-6-e1536882077611.jpg\" alt=\"\" width=\"680\" height=\"460\" srcset=\"https:\/\/diarioregionaldigital.com.br\/wp-content\/uploads\/2018\/09\/fotob-6-e1536882077611.jpg 960w, https:\/\/diarioregionaldigital.com.br\/wp-content\/uploads\/2018\/09\/fotob-6-e1536882077611-300x203.jpg 300w, https:\/\/diarioregionaldigital.com.br\/wp-content\/uploads\/2018\/09\/fotob-6-e1536882077611-768x520.jpg 768w, https:\/\/diarioregionaldigital.com.br\/wp-content\/uploads\/2018\/09\/fotob-6-e1536882077611-360x244.jpg 360w\" sizes=\"auto, (max-width: 680px) 100vw, 680px\" \/><p id=\"caption-attachment-119413\" class=\"wp-caption-text\">No Festival Internacional de Artes, em Tiradentes, Fl\u00e1vio Costa Vales e Carlos Torres<\/p><\/div>\n<div id=\"attachment_119414\" style=\"width: 690px\" class=\"wp-caption aligncenter\"><img loading=\"lazy\" decoding=\"async\" aria-describedby=\"caption-attachment-119414\" class=\"wp-image-119414\" src=\"https:\/\/diarioregionaldigital.com.br\/wp-content\/uploads\/2018\/09\/fotobb-5-e1536882109967.jpg\" alt=\"\" width=\"680\" height=\"462\" srcset=\"https:\/\/diarioregionaldigital.com.br\/wp-content\/uploads\/2018\/09\/fotobb-5-e1536882109967.jpg 957w, https:\/\/diarioregionaldigital.com.br\/wp-content\/uploads\/2018\/09\/fotobb-5-e1536882109967-300x204.jpg 300w, https:\/\/diarioregionaldigital.com.br\/wp-content\/uploads\/2018\/09\/fotobb-5-e1536882109967-768x522.jpg 768w, https:\/\/diarioregionaldigital.com.br\/wp-content\/uploads\/2018\/09\/fotobb-5-e1536882109967-360x245.jpg 360w\" sizes=\"auto, (max-width: 680px) 100vw, 680px\" \/><p id=\"caption-attachment-119414\" class=\"wp-caption-text\">O jovem empres\u00e1rio Rodrigo Bering lan\u00e7a na 6\u00aa feira, 14, a cole\u00e7\u00e3o ver\u00e3o da 4 Live, no Marechal Center, 1\u00ba piso<\/p><\/div>\n<div id=\"attachment_119415\" style=\"width: 690px\" class=\"wp-caption aligncenter\"><img loading=\"lazy\" decoding=\"async\" aria-describedby=\"caption-attachment-119415\" class=\"wp-image-119415\" src=\"https:\/\/diarioregionaldigital.com.br\/wp-content\/uploads\/2018\/09\/fotoc-5-e1536882141870.jpg\" alt=\"\" width=\"680\" height=\"530\" srcset=\"https:\/\/diarioregionaldigital.com.br\/wp-content\/uploads\/2018\/09\/fotoc-5-e1536882141870.jpg 577w, https:\/\/diarioregionaldigital.com.br\/wp-content\/uploads\/2018\/09\/fotoc-5-e1536882141870-300x234.jpg 300w, https:\/\/diarioregionaldigital.com.br\/wp-content\/uploads\/2018\/09\/fotoc-5-e1536882141870-360x281.jpg 360w\" sizes=\"auto, (max-width: 680px) 100vw, 680px\" \/><p id=\"caption-attachment-119415\" class=\"wp-caption-text\">O estilo fashion do coiffeur Jorge Modesto brilha nesta p\u00e1gina hoje<\/p><\/div>\n<div id=\"attachment_119417\" style=\"width: 690px\" class=\"wp-caption aligncenter\"><img loading=\"lazy\" decoding=\"async\" aria-describedby=\"caption-attachment-119417\" class=\"wp-image-119417\" src=\"https:\/\/diarioregionaldigital.com.br\/wp-content\/uploads\/2018\/09\/fotoe-6.jpg\" alt=\"\" width=\"680\" height=\"423\" srcset=\"https:\/\/diarioregionaldigital.com.br\/wp-content\/uploads\/2018\/09\/fotoe-6.jpg 2048w, https:\/\/diarioregionaldigital.com.br\/wp-content\/uploads\/2018\/09\/fotoe-6-300x186.jpg 300w, https:\/\/diarioregionaldigital.com.br\/wp-content\/uploads\/2018\/09\/fotoe-6-768x477.jpg 768w, https:\/\/diarioregionaldigital.com.br\/wp-content\/uploads\/2018\/09\/fotoe-6-1024x637.jpg 1024w, https:\/\/diarioregionaldigital.com.br\/wp-content\/uploads\/2018\/09\/fotoe-6-360x224.jpg 360w\" sizes=\"auto, (max-width: 680px) 100vw, 680px\" \/><p id=\"caption-attachment-119417\" class=\"wp-caption-text\">Em noite de drinks no Caminho da Ro\u00e7a, os incr\u00edveis Tanani Brion, Lidiane Stambassi, Vera Alice Tam e Rafael Oliveira<\/p><\/div>\n<div id=\"attachment_119419\" style=\"width: 690px\" class=\"wp-caption aligncenter\"><img loading=\"lazy\" decoding=\"async\" aria-describedby=\"caption-attachment-119419\" class=\"wp-image-119419\" src=\"https:\/\/diarioregionaldigital.com.br\/wp-content\/uploads\/2018\/09\/fotog-6-e1536882200369.jpg\" alt=\"\" width=\"680\" height=\"509\" srcset=\"https:\/\/diarioregionaldigital.com.br\/wp-content\/uploads\/2018\/09\/fotog-6-e1536882200369.jpg 468w, https:\/\/diarioregionaldigital.com.br\/wp-content\/uploads\/2018\/09\/fotog-6-e1536882200369-300x224.jpg 300w, https:\/\/diarioregionaldigital.com.br\/wp-content\/uploads\/2018\/09\/fotog-6-e1536882200369-360x269.jpg 360w\" sizes=\"auto, (max-width: 680px) 100vw, 680px\" \/><p id=\"caption-attachment-119419\" class=\"wp-caption-text\">No Castelo Niversite, as elegantes Eliana Lamha e Aura Lamha (Aniversariando)<\/p><\/div>\n<div id=\"attachment_119420\" style=\"width: 690px\" class=\"wp-caption aligncenter\"><img loading=\"lazy\" decoding=\"async\" aria-describedby=\"caption-attachment-119420\" class=\"wp-image-119420\" src=\"https:\/\/diarioregionaldigital.com.br\/wp-content\/uploads\/2018\/09\/fotoh-6-e1536882222469.jpg\" alt=\"\" width=\"680\" height=\"493\" srcset=\"https:\/\/diarioregionaldigital.com.br\/wp-content\/uploads\/2018\/09\/fotoh-6-e1536882222469.jpg 731w, https:\/\/diarioregionaldigital.com.br\/wp-content\/uploads\/2018\/09\/fotoh-6-e1536882222469-300x218.jpg 300w, https:\/\/diarioregionaldigital.com.br\/wp-content\/uploads\/2018\/09\/fotoh-6-e1536882222469-360x261.jpg 360w\" sizes=\"auto, (max-width: 680px) 100vw, 680px\" \/><p id=\"caption-attachment-119420\" class=\"wp-caption-text\">Na Barbearia Mo\u00e7o da Barba degustando cerveja Antu\u00e9rpia, o bonit\u00e3o Marcelo Sant\u2019Anna<\/p><\/div>\n<div id=\"attachment_119421\" style=\"width: 690px\" class=\"wp-caption aligncenter\"><img loading=\"lazy\" decoding=\"async\" aria-describedby=\"caption-attachment-119421\" class=\"wp-image-119421\" src=\"https:\/\/diarioregionaldigital.com.br\/wp-content\/uploads\/2018\/09\/fotoi-8-e1536882242304.jpg\" alt=\"\" width=\"680\" height=\"566\" srcset=\"https:\/\/diarioregionaldigital.com.br\/wp-content\/uploads\/2018\/09\/fotoi-8-e1536882242304.jpg 960w, https:\/\/diarioregionaldigital.com.br\/wp-content\/uploads\/2018\/09\/fotoi-8-e1536882242304-300x250.jpg 300w, https:\/\/diarioregionaldigital.com.br\/wp-content\/uploads\/2018\/09\/fotoi-8-e1536882242304-768x639.jpg 768w, https:\/\/diarioregionaldigital.com.br\/wp-content\/uploads\/2018\/09\/fotoi-8-e1536882242304-360x300.jpg 360w\" sizes=\"auto, (max-width: 680px) 100vw, 680px\" \/><p id=\"caption-attachment-119421\" class=\"wp-caption-text\">Na Assunta, as lindas e elegantes, Elaine Cruz, L\u00edvia Ribeiro e Lucimar Nogueira<\/p><\/div>\n<div id=\"attachment_119423\" style=\"width: 690px\" class=\"wp-caption aligncenter\"><img loading=\"lazy\" decoding=\"async\" aria-describedby=\"caption-attachment-119423\" class=\"wp-image-119423\" src=\"https:\/\/diarioregionaldigital.com.br\/wp-content\/uploads\/2018\/09\/fotol-2-e1536882292222.jpg\" alt=\"\" width=\"680\" height=\"462\" srcset=\"https:\/\/diarioregionaldigital.com.br\/wp-content\/uploads\/2018\/09\/fotol-2-e1536882292222.jpg 811w, https:\/\/diarioregionaldigital.com.br\/wp-content\/uploads\/2018\/09\/fotol-2-e1536882292222-300x204.jpg 300w, https:\/\/diarioregionaldigital.com.br\/wp-content\/uploads\/2018\/09\/fotol-2-e1536882292222-768x522.jpg 768w, https:\/\/diarioregionaldigital.com.br\/wp-content\/uploads\/2018\/09\/fotol-2-e1536882292222-360x245.jpg 360w\" sizes=\"auto, (max-width: 680px) 100vw, 680px\" \/><p id=\"caption-attachment-119423\" class=\"wp-caption-text\">A querida Arlete Pires comemorou seus 80 anos em Arantina (MG) com os filhos Paulo Henrique, Marcos Ot\u00e1vio e Suzana Pires<\/p><\/div>\n<p style=\"text-align: center;\"><strong>FOTOSS\u00cdNTESE<\/strong><\/p>\n<p>A elegante Franceli Galil, da Est\u00e2ncia Dom Vi\u00e7oso, promove no s\u00e1bado, 15, \u00e0s 19h30, a Noite Oriental um espet\u00e1culo maravilhoso com noite tem\u00e1tica Dan\u00e7a Brasil. Fica na rua Dom Vi\u00e7oso, 164, Alto dos Passos.<\/p>\n<p>Para colocar a solidariedade na pauta, ser\u00e1 no dia 16 de setembro o evento \u201cFestival de Pr\u00eamios do Semin\u00e1rio Diocesano Nossa Senhora do Amor Divino, em Corr\u00eaas (RJ)\u201d. O evento vai reunir mais de duas mil pessoas, vindas das cidades que comp\u00f5e a Diocese de Petr\u00f3polis, entre elas, Teres\u00f3polis, Mag\u00e9, Guapimirim, Areal e S\u00e3o Jos\u00e9 do Rio Preto.<\/p>\n<p>Com o tema \u201cBrasilidade entre Serras &#8211; Porco, milho, queijo &amp; cacha\u00e7a\u201d, vai acontecer de 21 a 23 de setembro, a 3\u00aa edi\u00e7\u00e3o do Festival Gastron\u00f4mico Sabores da Serra, em Ibitipoca (MG). O objetivo \u00e9 a valoriza\u00e7\u00e3o dos produtos da terra e as tradi\u00e7\u00f5es gastron\u00f4micas da regi\u00e3o.<\/p>\n<p>Em ritmo de as \u00e1guas v\u00e3o rolar, vai bombar no s\u00e1bado, 15, \u00e0s 16h, a Festa Feliz Ano Nov9 &#8211; Come Quieto. Com apoio da Antu\u00e9rpia o badalado evento ter\u00e1 como atra\u00e7\u00f5es o DJ Marley, Renan &amp; Cristiano e Luke. Mesas e Camarotes, na Viva Eventos. Traje: branco, prata ou dourado.<\/p>\n<p>Aproveitando o feriado de sete de setembro o conceituado \u2018Chef\u2019 Lucas Henrique foi a Para\u00edba do Sul para dobradinha gastron\u00f4mica. Ensinou a fazer brownie e confeitar bolo para C\u00e2ndida Brand\u00e3o e ela deu dicas para ele sobre pasta americana. Vem coisa boa a\u00ed.<\/p>\n<p>No s\u00e1bado, 15, o Cine-Theatro Central recebe o bel\u00edssimo show \u201c\u00c0 Flor da Pele. A partir das 21h, acontece o show mais rom\u00e2ntico do ano. Aplausos para Luiz Gamonal.<\/p>\n<p>Em estilo sucesso total, o livro Fraz Hill Di\u00e1rio de Imigrante Alem\u00e3o, o autor Alexandre Maestrini est\u00e1 batendo recordes de vendas na Livraria Nobel, em Petr\u00f3polis e Itaipava.<\/p>\n<p>No desfile de 7 de setembro em Juiz de Fora, o p\u00fablico que lotou a Av. Rio Branco aplaudiu e gritou quando Maur\u00edcio Lima Corr\u00eaa e o Grupamento de Militares da Reserva passaram garbosos. Foi emocionante.<\/p>\n<p>Aniversariante de destaque no s\u00e1bado, 15 de setembro, o estimado funcion\u00e1rio do SIRCOM, M\u00e1rcio Monteiro. Parab\u00e9ns.<\/p>\n<p>Eternos campe\u00f5es de popularidade, os bonit\u00f5es Carlos Torres e Fl\u00e1vio Costa Vales marcaram presen\u00e7a no Festival Internacional das Artes da cidade de Tiradentes (MG).<\/p>\n<p>Na agenda o dia 29 de setembro, \u00e0s 21h, no C\u00edrculo Militar, a Banda Script vai apresentar a festa Special Flash Back com hits internacionais da d\u00e9cada de 70. Informa\u00e7\u00f5es: 3214-5627.<\/p>\n<p>O fot\u00f3grafo Aelson Amaral fez a cobertura em Arax\u00e1, da 23\u00aa edi\u00e7\u00e3o do Brazil Classics Renault show 2018.<\/p>\n<p>Com um discurso l\u00edmpido, o Coronel PM da reserva, Jos\u00e9 Henrique da Silva monopolizou a plateia durante a reuni\u00e3o dos rotarianos, na Guarda-Mirin. Falou sobre pol\u00edtica.<\/p>\n<p>Para arrasar: Bom mesmo \u00e9 perder com classe e vencer com ousadia&#8230; O mundo pertence a quem se atreve. Bom dia.<\/p>\n","protected":false},"excerpt":{"rendered":"<p>Reciclar Os estados brasileiros s\u00e3o verdadeiras capitanias heredit\u00e1rias da pol\u00edtica. Para come\u00e7armos uma renova\u00e7\u00e3o nas expectativas de mudan\u00e7a em nossa sociedade precisamos oxigenar os pensamentos e as tend\u00eancias ao continu\u00edsmo atrav\u00e9s da perpetua\u00e7\u00e3o do poder. Vamos come\u00e7ar a votar observando o hist\u00f3rico familiar: o DNA, nesse caso, \u00e9 um aspecto fundamental para mudan\u00e7as essenciais. Piu\u00ed\u00ed\u00ed\u00ed\u00ed [&hellip;]<\/p>\n","protected":false},"author":96,"featured_media":119411,"comment_status":"closed","ping_status":"closed","sticky":false,"template":"","format":"standard","meta":{"footnotes":""},"categories":[264],"tags":[],"class_list":["post-119454","post","type-post","status-publish","format-standard","has-post-thumbnail","hentry","category-eduardo-gomes"],"_links":{"self":[{"href":"https:\/\/diarioregionaldigital.com.br\/index.php?rest_route=\/wp\/v2\/posts\/119454","targetHints":{"allow":["GET"]}}],"collection":[{"href":"https:\/\/diarioregionaldigital.com.br\/index.php?rest_route=\/wp\/v2\/posts"}],"about":[{"href":"https:\/\/diarioregionaldigital.com.br\/index.php?rest_route=\/wp\/v2\/types\/post"}],"author":[{"embeddable":true,"href":"https:\/\/diarioregionaldigital.com.br\/index.php?rest_route=\/wp\/v2\/users\/96"}],"replies":[{"embeddable":true,"href":"https:\/\/diarioregionaldigital.com.br\/index.php?rest_route=%2Fwp%2Fv2%2Fcomments&post=119454"}],"version-history":[{"count":0,"href":"https:\/\/diarioregionaldigital.com.br\/index.php?rest_route=\/wp\/v2\/posts\/119454\/revisions"}],"wp:featuredmedia":[{"embeddable":true,"href":"https:\/\/diarioregionaldigital.com.br\/index.php?rest_route=\/wp\/v2\/media\/119411"}],"wp:attachment":[{"href":"https:\/\/diarioregionaldigital.com.br\/index.php?rest_route=%2Fwp%2Fv2%2Fmedia&parent=119454"}],"wp:term":[{"taxonomy":"category","embeddable":true,"href":"https:\/\/diarioregionaldigital.com.br\/index.php?rest_route=%2Fwp%2Fv2%2Fcategories&post=119454"},{"taxonomy":"post_tag","embeddable":true,"href":"https:\/\/diarioregionaldigital.com.br\/index.php?rest_route=%2Fwp%2Fv2%2Ftags&post=119454"}],"curies":[{"name":"wp","href":"https:\/\/api.w.org\/{rel}","templated":true}]}}