{"id":119447,"date":"2018-09-16T06:38:33","date_gmt":"2018-09-16T09:38:33","guid":{"rendered":"https:\/\/diarioregionaldigital.com.br\/?p=119447"},"modified":"2018-09-13T20:40:11","modified_gmt":"2018-09-13T23:40:11","slug":"a-destruicao-do-patrimonio-fluminense","status":"publish","type":"post","link":"https:\/\/diarioregionaldigital.com.br\/?p=119447","title":{"rendered":"A DESTRUI\u00c7\u00c3O DO PATRIM\u00d4NIO FLUMINENSE"},"content":{"rendered":"<p>Ainda estamos chocados com o inc\u00eandio que destruiu o Museu Nacional da Quinta da Boa Vista. Mesmo que nem todos os seus bens tenham sido devorados pelo fogo, ainda h\u00e1 quest\u00f5es a serem apuradas em benef\u00edcio dos esclarecimentos necess\u00e1rios. Por exemplo, por que o Conselho Universit\u00e1rio da Universidade Federal do Rio de Janeiro recusou a oferta de 80 milh\u00f5es de d\u00f3lares atrav\u00e9s do BID para recuperar o Museu antes do inc\u00eandio? A desculpa parece extremamente esfarrapada: a UFRJ teria de abrir m\u00e3o do comando da entidade e perderia, assim, o seu controle. Ali\u00e1s, quando se estranha que o Canec\u00e3o est\u00e1 h\u00e1 sete anos em peti\u00e7\u00e3o de mis\u00e9ria, podendo tamb\u00e9m pegar fogo, a desculpa \u00e9 a mesma: n\u00e3o se pode ceder o seu comando a terceiros, como se isso fosse na verdade um crime. O excesso de politiza\u00e7\u00e3o das universidades p\u00fablicas d\u00e1 isso como consequ\u00eancia. N\u00e3o fazem (porque n\u00e3o t\u00eam dinheiro) nem deixam fazer.<\/p>\n<p>Nessas condi\u00e7\u00f5es, \u00e9 um verdadeiro milagre que n\u00e3o tenham havido outros inc\u00eandios pavorosos em pr\u00e9dios p\u00fablicos. As raz\u00f5es s\u00e3o verdadeiramente pueris.<\/p>\n<p>O fen\u00f4meno n\u00e3o ocorre apenas no \u00e2mbito da UFRJ, onde, ali\u00e1s, j\u00e1 houve outra meia d\u00fazia de inc\u00eandios. Podemos exemplificar com o fogo no Teatro Villa-Lobos, do governo do Estado. J\u00e1 se passou um bom tempo sem que provid\u00eancias fossem tomadas (e o Teatro fechado). \u00c9 a mesma coisa que vitima o Canec\u00e3o, fechado h\u00e1 sete anos, depois de memor\u00e1veis temporadas de m\u00fasica popular brasileira, como as do Erasmo e Roberto Carlos. Podemos prescindir desses shows? Tudo isso com a convic\u00e7\u00e3o de que o Rio \u00e9 a capital cultural do pa\u00eds e disp\u00f5e ainda dos melhores equipamentos de shows e exposi\u00e7\u00f5es, mas acho que tem alguma coisa emperrada no sistema.<\/p>\n<p>Na discuss\u00e3o das causas do inc\u00eandio do Museu Nacional, surgiu um dado importante: de todos os recursos transferidos \u00e0 UFRJ nada menos de 87% s\u00e3o destinados ao pagamento de pessoas. Sobra muito pouco para a aquisi\u00e7\u00e3o de equipamentos de prote\u00e7\u00e3o dos bens a serem expostos. A equa\u00e7\u00e3o n\u00e3o fecha adequadamente e a amea\u00e7a de acidentes lament\u00e1veis s\u00e3o irrecorr\u00edveis.<\/p>\n<p>\u00c9 claro que tais acidentes colocam em risco a nossa credibilidade e a capacidade de lidar de forma competente com esses fen\u00f4menos. Agora mesmo, no auge da trag\u00e9dia que se abateu sobre a nossa cultura, estamos sabendo que algumas organiza\u00e7\u00f5es internacionais ofereceram para repor pe\u00e7as que serviriam para enriquecer o nosso acervo, mas os obst\u00e1culos s\u00e3o sempre os mesmos: a burocracia impede que isso se fa\u00e7a de modo natural. Ao contr\u00e1rio, decis\u00f5es internas dos \u00f3rg\u00e3os colegiados das universidades impedem que esse comando seja dividido com entidades internacionais. Parece que h\u00e1 mesmo uma prefer\u00eancia pelo risco de perda total do que criar uma parceria inteligente que viabilize o comando correto do empreendimento. Temos que repensar nisso tudo!<\/p>\n","protected":false},"excerpt":{"rendered":"<p>Ainda estamos chocados com o inc\u00eandio que destruiu o Museu Nacional da Quinta da Boa Vista. Mesmo que nem todos os seus bens tenham sido devorados pelo fogo, ainda h\u00e1 quest\u00f5es a serem apuradas em benef\u00edcio dos esclarecimentos necess\u00e1rios. Por exemplo, por que o Conselho Universit\u00e1rio da Universidade Federal do Rio de Janeiro recusou a [&hellip;]<\/p>\n","protected":false},"author":96,"featured_media":96753,"comment_status":"closed","ping_status":"closed","sticky":false,"template":"","format":"standard","meta":{"footnotes":""},"categories":[275,436,439],"tags":[],"class_list":["post-119447","post","type-post","status-publish","format-standard","has-post-thumbnail","hentry","category-arnaldo-niskier","category-destaque-da-semana","category-ultima-hora"],"_links":{"self":[{"href":"https:\/\/diarioregionaldigital.com.br\/index.php?rest_route=\/wp\/v2\/posts\/119447","targetHints":{"allow":["GET"]}}],"collection":[{"href":"https:\/\/diarioregionaldigital.com.br\/index.php?rest_route=\/wp\/v2\/posts"}],"about":[{"href":"https:\/\/diarioregionaldigital.com.br\/index.php?rest_route=\/wp\/v2\/types\/post"}],"author":[{"embeddable":true,"href":"https:\/\/diarioregionaldigital.com.br\/index.php?rest_route=\/wp\/v2\/users\/96"}],"replies":[{"embeddable":true,"href":"https:\/\/diarioregionaldigital.com.br\/index.php?rest_route=%2Fwp%2Fv2%2Fcomments&post=119447"}],"version-history":[{"count":0,"href":"https:\/\/diarioregionaldigital.com.br\/index.php?rest_route=\/wp\/v2\/posts\/119447\/revisions"}],"wp:featuredmedia":[{"embeddable":true,"href":"https:\/\/diarioregionaldigital.com.br\/index.php?rest_route=\/wp\/v2\/media\/96753"}],"wp:attachment":[{"href":"https:\/\/diarioregionaldigital.com.br\/index.php?rest_route=%2Fwp%2Fv2%2Fmedia&parent=119447"}],"wp:term":[{"taxonomy":"category","embeddable":true,"href":"https:\/\/diarioregionaldigital.com.br\/index.php?rest_route=%2Fwp%2Fv2%2Fcategories&post=119447"},{"taxonomy":"post_tag","embeddable":true,"href":"https:\/\/diarioregionaldigital.com.br\/index.php?rest_route=%2Fwp%2Fv2%2Ftags&post=119447"}],"curies":[{"name":"wp","href":"https:\/\/api.w.org\/{rel}","templated":true}]}}