{"id":119437,"date":"2018-09-13T17:35:45","date_gmt":"2018-09-13T20:35:45","guid":{"rendered":"https:\/\/diarioregionaldigital.com.br\/?p=119437"},"modified":"2018-09-13T17:35:45","modified_gmt":"2018-09-13T20:35:45","slug":"casa-de-festas-e-interditada-no-bairro-santa-terezinha","status":"publish","type":"post","link":"https:\/\/diarioregionaldigital.com.br\/?p=119437","title":{"rendered":"Casa de festas \u00e9 interditada no bairro Santa Terezinha"},"content":{"rendered":"<p>A Secretaria de Atividades Urbanas (SAU) da Prefeitura de Juiz de Fora (PJF) interditou uma casa de festas, localizada no Bairro Santa Terezinha, por falta de alvar\u00e1 de localiza\u00e7\u00e3o. O estabelecimento j\u00e1 havia sido intimado sobre a necessidade de providenciar a regulariza\u00e7\u00e3o. A a\u00e7\u00e3o foi realizada pela Regional Nordeste do Departamento de Fiscaliza\u00e7\u00e3o.<\/p>\n<p>A interdi\u00e7\u00e3o teve como base o Artigo 102 do C\u00f3digo de Posturas do Munic\u00edpio, segundo o qual, estabelecimentos, eventos, equipamentos ou aparelhos de qualquer natureza poder\u00e3o ser interditados, total ou parcialmente, pelo Poder Executivo.<\/p>\n<p>Den\u00fancias podem ser feitas nas regionais de fiscaliza\u00e7\u00e3o da SAU, pelos telefones:<\/p>\n<p>Centro 1: 3690-7709;\u00a0Centro 2: 3690-8379;\u00a0Sul: 3690-8304,\u00a0Sudeste: 3690-8377;\u00a0Leste: 2104-8402;\u00a0Oeste: 3690-8288;<br \/>\nNorte: 3690-7927;\u00a0Nordeste: 3690-7883;<\/p>\n<p>Fonte: Assessoria PJF<\/p>\n","protected":false},"excerpt":{"rendered":"<p>A Secretaria de Atividades Urbanas (SAU) da Prefeitura de Juiz de Fora (PJF) interditou uma casa de festas, localizada no Bairro Santa Terezinha, por falta de alvar\u00e1 de localiza\u00e7\u00e3o. O estabelecimento j\u00e1 havia sido intimado sobre a necessidade de providenciar a regulariza\u00e7\u00e3o. A a\u00e7\u00e3o foi realizada pela Regional Nordeste do Departamento de Fiscaliza\u00e7\u00e3o. A interdi\u00e7\u00e3o [&hellip;]<\/p>\n","protected":false},"author":96,"featured_media":105098,"comment_status":"closed","ping_status":"closed","sticky":false,"template":"","format":"standard","meta":{"footnotes":""},"categories":[253,439],"tags":[],"class_list":["post-119437","post","type-post","status-publish","format-standard","has-post-thumbnail","hentry","category-cidade","category-ultima-hora"],"_links":{"self":[{"href":"https:\/\/diarioregionaldigital.com.br\/index.php?rest_route=\/wp\/v2\/posts\/119437","targetHints":{"allow":["GET"]}}],"collection":[{"href":"https:\/\/diarioregionaldigital.com.br\/index.php?rest_route=\/wp\/v2\/posts"}],"about":[{"href":"https:\/\/diarioregionaldigital.com.br\/index.php?rest_route=\/wp\/v2\/types\/post"}],"author":[{"embeddable":true,"href":"https:\/\/diarioregionaldigital.com.br\/index.php?rest_route=\/wp\/v2\/users\/96"}],"replies":[{"embeddable":true,"href":"https:\/\/diarioregionaldigital.com.br\/index.php?rest_route=%2Fwp%2Fv2%2Fcomments&post=119437"}],"version-history":[{"count":0,"href":"https:\/\/diarioregionaldigital.com.br\/index.php?rest_route=\/wp\/v2\/posts\/119437\/revisions"}],"wp:featuredmedia":[{"embeddable":true,"href":"https:\/\/diarioregionaldigital.com.br\/index.php?rest_route=\/wp\/v2\/media\/105098"}],"wp:attachment":[{"href":"https:\/\/diarioregionaldigital.com.br\/index.php?rest_route=%2Fwp%2Fv2%2Fmedia&parent=119437"}],"wp:term":[{"taxonomy":"category","embeddable":true,"href":"https:\/\/diarioregionaldigital.com.br\/index.php?rest_route=%2Fwp%2Fv2%2Fcategories&post=119437"},{"taxonomy":"post_tag","embeddable":true,"href":"https:\/\/diarioregionaldigital.com.br\/index.php?rest_route=%2Fwp%2Fv2%2Ftags&post=119437"}],"curies":[{"name":"wp","href":"https:\/\/api.w.org\/{rel}","templated":true}]}}