{"id":119403,"date":"2018-09-16T06:00:50","date_gmt":"2018-09-16T09:00:50","guid":{"rendered":"https:\/\/diarioregionaldigital.com.br\/?p=119403"},"modified":"2018-09-17T09:10:49","modified_gmt":"2018-09-17T12:10:49","slug":"cursos-profissionalizantes-a-precos-populares-sao-oferecidos","status":"publish","type":"post","link":"https:\/\/diarioregionaldigital.com.br\/?p=119403","title":{"rendered":"Cursos profissionalizantes a pre\u00e7os populares s\u00e3o oferecidos na zona Norte"},"content":{"rendered":"<p>Com o intuito de ajudar as pessoas a se qualificarem para o mercado de trabalho, a Associa\u00e7\u00e3o de Moradores do bairro S\u00e3o Judas Tadeu juntamente com o grupo P\u00f3dium, empresa de Cataguases, est\u00e1 oferecendo aos jovens e moradores em geral da zona Norte de Juiz de Fora cursos profissionalizantes a pre\u00e7os bastante populares.<\/p>\n<p>\u201cAs pessoas da regi\u00e3o perif\u00e9rica da cidade passam por uma dificuldade muito grande de qualifica\u00e7\u00e3o de trabalho. N\u00f3s fizemos esta parceria com o intuito de mostrar para o jovem que existem oportunidades para ele entrar no mercado, e uma delas \u00e9 pela especializa\u00e7\u00e3o\u201d, ressaltou o presidente da Associa\u00e7\u00e3o de moradores do bairro S\u00e3o Judas Tadeu, Renato Vieira Gama.<\/p>\n<p>O representante do Grupo P\u00f3dium, Jonatan Gilgamesh, afirma que \u00e9 um projeto diferenciado, comparado aos que s\u00e3o desenvolvidos por outras associa\u00e7\u00f5es, onde os alunos recebem um certificado Nacional, no final do curso. \u201cAcredito que este projeto de qualifica\u00e7\u00e3o trabalhe com a dignidade das pessoas. Quanto mais qualificado o jovem estiver, mais chances ele tem de est\u00e1 ingressando no mercado e tendo um sucesso profissional\u201d, destacou Jonatan.<\/p>\n<p>As \u00e1reas oferecidas para o curso s\u00e3o: Operador de Computador (Inform\u00e1tica); Assistente Administrativo e Administrativo Informatizado; Gest\u00e3o Empresarial; Inform\u00e1tica gerencial; Hotelaria e Turismo; Atendente de Farm\u00e1cia; Operador de Caixa; Vitrinismo; T\u00e9cnica de Vendas e Telemarketing.<\/p>\n<p>As aulas s\u00e3o interativas, onde os alunos realizam as atividades pelo computador, sempre acompanhados por um monitor. A idade recomendada \u00e9 a partir dos 10 anos.<\/p>\n<p>&nbsp;<\/p>\n<p><strong>Como participar? <\/strong><\/p>\n<p>Os interessados devem comparecer \u00e0 sede da Associa\u00e7\u00e3o de Moradores do Bairro S\u00e3o Judas Tadeu (Rua Sabino Tortura, s\/n) de segunda a sexta, das 14h \u00e0s18h.<\/p>\n<p><strong>\u00a0<\/strong><\/p>\n<p>&nbsp;<\/p>\n","protected":false},"excerpt":{"rendered":"<p>Com o intuito de ajudar as pessoas a se qualificarem para o mercado de trabalho, a Associa\u00e7\u00e3o de Moradores do bairro S\u00e3o Judas Tadeu juntamente com o grupo P\u00f3dium, empresa de Cataguases, est\u00e1 oferecendo aos jovens e moradores em geral da zona Norte de Juiz de Fora cursos profissionalizantes a pre\u00e7os bastante populares. \u201cAs pessoas [&hellip;]<\/p>\n","protected":false},"author":96,"featured_media":119404,"comment_status":"closed","ping_status":"closed","sticky":false,"template":"","format":"standard","meta":{"footnotes":""},"categories":[253,436,439],"tags":[],"class_list":["post-119403","post","type-post","status-publish","format-standard","has-post-thumbnail","hentry","category-cidade","category-destaque-da-semana","category-ultima-hora"],"_links":{"self":[{"href":"https:\/\/diarioregionaldigital.com.br\/index.php?rest_route=\/wp\/v2\/posts\/119403","targetHints":{"allow":["GET"]}}],"collection":[{"href":"https:\/\/diarioregionaldigital.com.br\/index.php?rest_route=\/wp\/v2\/posts"}],"about":[{"href":"https:\/\/diarioregionaldigital.com.br\/index.php?rest_route=\/wp\/v2\/types\/post"}],"author":[{"embeddable":true,"href":"https:\/\/diarioregionaldigital.com.br\/index.php?rest_route=\/wp\/v2\/users\/96"}],"replies":[{"embeddable":true,"href":"https:\/\/diarioregionaldigital.com.br\/index.php?rest_route=%2Fwp%2Fv2%2Fcomments&post=119403"}],"version-history":[{"count":0,"href":"https:\/\/diarioregionaldigital.com.br\/index.php?rest_route=\/wp\/v2\/posts\/119403\/revisions"}],"wp:featuredmedia":[{"embeddable":true,"href":"https:\/\/diarioregionaldigital.com.br\/index.php?rest_route=\/wp\/v2\/media\/119404"}],"wp:attachment":[{"href":"https:\/\/diarioregionaldigital.com.br\/index.php?rest_route=%2Fwp%2Fv2%2Fmedia&parent=119403"}],"wp:term":[{"taxonomy":"category","embeddable":true,"href":"https:\/\/diarioregionaldigital.com.br\/index.php?rest_route=%2Fwp%2Fv2%2Fcategories&post=119403"},{"taxonomy":"post_tag","embeddable":true,"href":"https:\/\/diarioregionaldigital.com.br\/index.php?rest_route=%2Fwp%2Fv2%2Ftags&post=119403"}],"curies":[{"name":"wp","href":"https:\/\/api.w.org\/{rel}","templated":true}]}}