{"id":119400,"date":"2018-09-16T06:00:08","date_gmt":"2018-09-16T09:00:08","guid":{"rendered":"https:\/\/diarioregionaldigital.com.br\/?p=119400"},"modified":"2018-09-16T13:10:46","modified_gmt":"2018-09-16T16:10:46","slug":"projeto-feliz-assim-tem-novo-local-para-abrigar-e-dar-mais-conforto-aos-animais-especiais","status":"publish","type":"post","link":"https:\/\/diarioregionaldigital.com.br\/?p=119400","title":{"rendered":"Projeto \u201cFeliz Assim\u201d tem novo local para abrigar e dar mais conforto aos animais especiais"},"content":{"rendered":"<p>Com o intuito de ajudar c\u00e3es e outros animais especiais, como parapl\u00e9gicos, tetrapl\u00e9gicos, cegos, com sequelas, mutilados, doentes cr\u00f4nicos e terminais, o projeto \u201cFeliz Assim\u201d busca doa\u00e7\u00f5es da popula\u00e7\u00e3o para o t\u00e9rmino do santu\u00e1rio destinado a esses animais.<\/p>\n<p>Melina Abranches, fundadora do projeto, avalia o projeto \u201cFeliz Assim\u201d como \u201cuma chance para os animais terem uma melhor condi\u00e7\u00e3o de vida, j\u00e1 que muitas pessoas n\u00e3o podem cuidar\u201d, disse Melina, acrescentando que o santuario tamb\u00e9m abriga os bichinhos que ainda possuem donos, mas que n\u00e3o podem oferecer os cuidados e aten\u00e7\u00f5es especiais durante o dia.<\/p>\n<p>Ela diz que sua paix\u00e3o vem desde sempre e, por isso, come\u00e7ou a resgatar c\u00e3es das ruas e lev\u00e1-los para a sua casa. \u201cSempre busquei pegar aqueles animais que ningu\u00e9m tem o interesse de pegar para cuidar. A partir da\u00ed, com o passar do tempo, comecei a me dedicar para aqueles mais debilitados e que precisam de maior cuidado\u201d, explicou<\/p>\n<p><strong>Como ajudar? <\/strong><\/p>\n<p>Pensando no conforto e seguran\u00e7a para os 50 animais com problemas especiais, al\u00e9m de outros recuperados da rua, os envolvidos alugaram uma granja, onde possui mais espa\u00e7o e \u00e1rea verde, possibilitando aos c\u00e3es um ambiente tranquilo, saud\u00e1vel e natural.<\/p>\n<p>O local ainda est\u00e1 em processo de constru\u00e7\u00e3o, sendo necess\u00e1rio finalizar as adapta\u00e7\u00f5es para receb\u00ea-los. Pensando nisso, os envolvidos pela causa pedem doa\u00e7\u00f5es de casinhas ou cercas, telhas (a\u00e7o ou amianto) e madeiras para a sua fabrica\u00e7\u00e3o.<\/p>\n<p>O santu\u00e1rio tamb\u00e9m aceita outros tipos de ajuda, como dinheiro, ra\u00e7\u00e3o, rem\u00e9dio e pessoas que desejam ser volunt\u00e1rios.Os interessados pela causa e os que quiserem conhecer o localpodem entrar em contato com a fundadora pelo telefone: 3221-9294.<\/p>\n","protected":false},"excerpt":{"rendered":"<p>Com o intuito de ajudar c\u00e3es e outros animais especiais, como parapl\u00e9gicos, tetrapl\u00e9gicos, cegos, com sequelas, mutilados, doentes cr\u00f4nicos e terminais, o projeto \u201cFeliz Assim\u201d busca doa\u00e7\u00f5es da popula\u00e7\u00e3o para o t\u00e9rmino do santu\u00e1rio destinado a esses animais. Melina Abranches, fundadora do projeto, avalia o projeto \u201cFeliz Assim\u201d como \u201cuma chance para os animais terem [&hellip;]<\/p>\n","protected":false},"author":96,"featured_media":119401,"comment_status":"closed","ping_status":"closed","sticky":false,"template":"","format":"standard","meta":{"footnotes":""},"categories":[253,436,440,439],"tags":[],"class_list":["post-119400","post","type-post","status-publish","format-standard","has-post-thumbnail","hentry","category-cidade","category-destaque-da-semana","category-destaques-do-dia","category-ultima-hora"],"_links":{"self":[{"href":"https:\/\/diarioregionaldigital.com.br\/index.php?rest_route=\/wp\/v2\/posts\/119400","targetHints":{"allow":["GET"]}}],"collection":[{"href":"https:\/\/diarioregionaldigital.com.br\/index.php?rest_route=\/wp\/v2\/posts"}],"about":[{"href":"https:\/\/diarioregionaldigital.com.br\/index.php?rest_route=\/wp\/v2\/types\/post"}],"author":[{"embeddable":true,"href":"https:\/\/diarioregionaldigital.com.br\/index.php?rest_route=\/wp\/v2\/users\/96"}],"replies":[{"embeddable":true,"href":"https:\/\/diarioregionaldigital.com.br\/index.php?rest_route=%2Fwp%2Fv2%2Fcomments&post=119400"}],"version-history":[{"count":0,"href":"https:\/\/diarioregionaldigital.com.br\/index.php?rest_route=\/wp\/v2\/posts\/119400\/revisions"}],"wp:featuredmedia":[{"embeddable":true,"href":"https:\/\/diarioregionaldigital.com.br\/index.php?rest_route=\/wp\/v2\/media\/119401"}],"wp:attachment":[{"href":"https:\/\/diarioregionaldigital.com.br\/index.php?rest_route=%2Fwp%2Fv2%2Fmedia&parent=119400"}],"wp:term":[{"taxonomy":"category","embeddable":true,"href":"https:\/\/diarioregionaldigital.com.br\/index.php?rest_route=%2Fwp%2Fv2%2Fcategories&post=119400"},{"taxonomy":"post_tag","embeddable":true,"href":"https:\/\/diarioregionaldigital.com.br\/index.php?rest_route=%2Fwp%2Fv2%2Ftags&post=119400"}],"curies":[{"name":"wp","href":"https:\/\/api.w.org\/{rel}","templated":true}]}}