{"id":119205,"date":"2018-09-12T05:00:08","date_gmt":"2018-09-12T08:00:08","guid":{"rendered":"https:\/\/diarioregionaldigital.com.br\/?p=119205"},"modified":"2018-09-12T12:26:43","modified_gmt":"2018-09-12T15:26:43","slug":"horario-estendido-para-vacinacao-de-sarampo-e-poliomielite-termina-nesta-sexta","status":"publish","type":"post","link":"https:\/\/diarioregionaldigital.com.br\/?p=119205","title":{"rendered":"Hor\u00e1rio estendido para vacina\u00e7\u00e3o de sarampo e poliomielite termina nesta sexta"},"content":{"rendered":"<div id=\"box_cab_internas\"><\/div>\n<div id=\"box_noticias_integra\"><\/div>\n<div id=\"box_noticias_integra\">\n<div id=\"box_texto_noticia\">\n<p>A vacina\u00e7\u00e3o de sarampo e poliomielite vai at\u00e9 nesta sexta-feira, 14, em hor\u00e1rio estendido. At\u00e9 o momento, 92% das crian\u00e7as menores de 5 anos foram vacinadas. O objetivo da campanha \u00e9 atingir 95% desse p\u00fablico alvo.<\/p>\n<p>Segundo informa\u00e7\u00f5es da Secret\u00e1ria de Sa\u00fade de Juiz de Fora, publicadas no site da Prefeitura, a procura pelas vacinas no primeiro dia de funcionamento das Ubs at\u00e9 as 20 horas, foi bem abaixo do esperado. Para facilitar o acesso as doses, tamb\u00e9m acontece aplica\u00e7\u00f5es de casa em casa na zona rural da cidade.<\/p>\n<h3>Hor\u00e1rios<\/h3>\n<p>&#8211; UBSs \u2013 funcionamento das 7 \u00e0s 11 horas e das 13 \u00e0s 20 horas.<\/p>\n<p><strong>N\u00e3o ter\u00e3o hor\u00e1rio estendido:<\/strong><\/p>\n<p>* Ipiranga -Usu\u00e1rios poder\u00e3o ser vacinados na UBS do Santa Luzia ou qualquer outro ponto mais adequado.<br \/>\n* Olavo Costa &#8211; Usu\u00e1rios poder\u00e3o ser vacinados na UBS do Vila Ideal ou qualquer outro ponto mais adequado.<br \/>\n* Jardim da Lua \u2013 Usu\u00e1rios poder\u00e3o ser vacinados na UBS do Bairro de Lourdes ou qualquer outro ponto mais adequado.<br \/>\n* Esplanada \u2013 Usu\u00e1rios poder\u00e3o ser vacinados na UBS do Bairro Monte Castelo ou qualquer outro ponto mais adequado.<br \/>\n* Vila Esperan\u00e7a \u2013 Usu\u00e1rios poder\u00e3o ser vacinados na UBS do Bairro Benfica ou qualquer outro ponto mais adequado.<\/p>\n<p><strong>Hor\u00e1rio estendido diferenciado:<\/strong><\/p>\n<p>&#8211; S\u00e3o Benedito e Barreira do Triunfo \u2013 at\u00e9 19 horas<\/p>\n<p>&#8211; PAM-Marechal \u2013 das 8 \u00e0s 19 horas (no 3\u00ba andar &#8211; sem hor\u00e1rio de almo\u00e7o)<\/p>\n<p>&#8211; Departamento de Sa\u00fade da Crian\u00e7a e do Adolescente \u2013 das 8 \u00e0s 15h30 (sem hor\u00e1rio de almo\u00e7o)<\/p>\n<p><strong>Vacina\u00e7\u00e3o casa a casa<\/strong><\/p>\n<p>Na zona rural, o esquema adotado ser\u00e1 diferente, com vacina\u00e7\u00e3o casa a casa, devido \u00e0s caracter\u00edsticas destas regi\u00f5es. A previs\u00e3o \u00e9 de que os trabalhos de busca ativa nestas localidades sejam conclu\u00eddos at\u00e9 o pr\u00f3ximo dia 20.<\/p>\n<\/div>\n<\/div>\n","protected":false},"excerpt":{"rendered":"<p>A vacina\u00e7\u00e3o de sarampo e poliomielite vai at\u00e9 nesta sexta-feira, 14, em hor\u00e1rio estendido. At\u00e9 o momento, 92% das crian\u00e7as menores de 5 anos foram vacinadas. O objetivo da campanha \u00e9 atingir 95% desse p\u00fablico alvo. Segundo informa\u00e7\u00f5es da Secret\u00e1ria de Sa\u00fade de Juiz de Fora, publicadas no site da Prefeitura, a procura pelas vacinas [&hellip;]<\/p>\n","protected":false},"author":96,"featured_media":0,"comment_status":"closed","ping_status":"closed","sticky":false,"template":"","format":"standard","meta":{"footnotes":""},"categories":[253,436,440,439],"tags":[],"class_list":["post-119205","post","type-post","status-publish","format-standard","hentry","category-cidade","category-destaque-da-semana","category-destaques-do-dia","category-ultima-hora"],"_links":{"self":[{"href":"https:\/\/diarioregionaldigital.com.br\/index.php?rest_route=\/wp\/v2\/posts\/119205","targetHints":{"allow":["GET"]}}],"collection":[{"href":"https:\/\/diarioregionaldigital.com.br\/index.php?rest_route=\/wp\/v2\/posts"}],"about":[{"href":"https:\/\/diarioregionaldigital.com.br\/index.php?rest_route=\/wp\/v2\/types\/post"}],"author":[{"embeddable":true,"href":"https:\/\/diarioregionaldigital.com.br\/index.php?rest_route=\/wp\/v2\/users\/96"}],"replies":[{"embeddable":true,"href":"https:\/\/diarioregionaldigital.com.br\/index.php?rest_route=%2Fwp%2Fv2%2Fcomments&post=119205"}],"version-history":[{"count":0,"href":"https:\/\/diarioregionaldigital.com.br\/index.php?rest_route=\/wp\/v2\/posts\/119205\/revisions"}],"wp:attachment":[{"href":"https:\/\/diarioregionaldigital.com.br\/index.php?rest_route=%2Fwp%2Fv2%2Fmedia&parent=119205"}],"wp:term":[{"taxonomy":"category","embeddable":true,"href":"https:\/\/diarioregionaldigital.com.br\/index.php?rest_route=%2Fwp%2Fv2%2Fcategories&post=119205"},{"taxonomy":"post_tag","embeddable":true,"href":"https:\/\/diarioregionaldigital.com.br\/index.php?rest_route=%2Fwp%2Fv2%2Ftags&post=119205"}],"curies":[{"name":"wp","href":"https:\/\/api.w.org\/{rel}","templated":true}]}}