{"id":119129,"date":"2018-09-11T19:10:03","date_gmt":"2018-09-11T22:10:03","guid":{"rendered":"https:\/\/diarioregionaldigital.com.br\/?p=119129"},"modified":"2018-09-12T09:13:01","modified_gmt":"2018-09-12T12:13:01","slug":"tradicional-festa-alema-passa-por-vistoria-novamente-nesta-quarta-feira","status":"publish","type":"post","link":"https:\/\/diarioregionaldigital.com.br\/?p=119129","title":{"rendered":"Tradicional Festa Alem\u00e3 passa por vistoria novamente nesta quarta-feira"},"content":{"rendered":"<p>Na sua 24\u00aa edi\u00e7\u00e3o, a tradicional Festa Alem\u00e3 est\u00e1 prevista para acontecer entre os dias 13 e 23 de setembro, mas, antes, passar\u00e1 novamente por vistorias pelo Corpo de Bombeiros, marcada para esta quarta-feira, 12.<\/p>\n<p>O evento que ocorreria entre os dias 6 e 16 de setembro, teve de ser adiado devido \u00e0s inconformidades de algumas exig\u00eancias de seguran\u00e7a, conforme a Lei 14.130\/2001, de preven\u00e7\u00e3o contra inc\u00eandio e p\u00e2nico em espa\u00e7os de uso coletivo. Segundo o coordenador geral da DeutschesFest, Salcio Del Duca, todas as orienta\u00e7\u00f5es e sugest\u00f5es j\u00e1 foram providenciadas para que a festa aconte\u00e7a nesta semana. \u201cN\u00f3s estamos agora em uma normalidade do protocolo de realiza\u00e7\u00e3o de eventos. N\u00f3s montamos o evento dentro das normas da Lei que o estado prev\u00ea, o Corpo de Bombeiros vai fazer novamente a vistoria e logo a festa ser\u00e1 realizada\u201d, explicou.<\/p>\n<p>O hor\u00e1rio da vistoria ainda n\u00e3o foi confirmado, mas de acordo com o Salcio, deve ser realizada na parte da tarde.<\/p>\n<p>&nbsp;<\/p>\n<p><strong>DeutschesFest- Festa Alem\u00e3 2018<\/strong><\/p>\n<p>Tradicionalmente realizado no bairro Borboleta, o evento comemora os 160 anos da imigra\u00e7\u00e3o dos povos germ\u00e2nicos a Juiz de Fora por meio de apresenta\u00e7\u00f5es culturais do pa\u00eds europeu com dan\u00e7as, m\u00fasicas folcl\u00f3ricas, comida t\u00edpica e muito chopp. A entrada \u00e9 franca.<\/p>\n<p>Entre os destaques est\u00e1 o lan\u00e7amento do livro &#8220;As cervejarias de imigrantes alem\u00e3es e teuto-brasileiros em Juiz de Fora: Pioneirismo da produ\u00e7\u00e3o cervejeira em Minas Gerais&#8221;, de Jakeline Lisboa e Salcio Del Duca; as apresenta\u00e7\u00f5es dos\u00a0grupos folcl\u00f3ricos Alem\u00e3es do Rio de Janeiro e Esp\u00edrito Santo; al\u00e9m da estreia do quarteto \u201cHeimatland\u201d do bairro Borboleta.<\/p>\n<p>\u201cA Festa Alem\u00e3 \u00e9 constru\u00edda sobre o alicerce comunit\u00e1rio. Este alicerce tem como base as fam\u00edlias. Elas trabalham anualmente para manter estas tradi\u00e7\u00f5es, seja no dia a dia ou no final de semana\u201d, ressaltou Duca.<\/p>\n<p>Nesta edi\u00e7\u00e3o, assim como foi nos \u00faltimos dois, a festa ir\u00e1 acontecer na rua Jos\u00e9 Louren\u00e7o (Schuchter), no bairro Borboleta, na regi\u00e3o Cidade Alta. A mudan\u00e7a e a perman\u00eancia para a via foi uma forma de expandir a festa e garantir seguran\u00e7a e conforto \u00e0 popula\u00e7\u00e3o, segundo o coordenador.<\/p>\n<p>&nbsp;<\/p>\n<p><strong>Bairro alem\u00e3o<\/strong><\/p>\n<p>Recentemente, um projeto de lei de autoria do vereador Wanderson Castelar, que reconhece o bairro Borboleta como um bairro alem\u00e3o em Juiz de Fora, foi sancionado pelo prefeito Ant\u00f4nio Almas.<\/p>\n<p>O projeto teve como objetivo sublinhar a identifica\u00e7\u00e3o hist\u00f3rica cultural do bairro e reconhecer o esfor\u00e7o comunit\u00e1rio para a preserva\u00e7\u00e3o de suas origens. No dia 22, \u00e0s 10h da manh\u00e3, ser\u00e1 feito o lan\u00e7amento da Pedra Fundamental do P\u00f3rtico de entrada no bairro Alem\u00e3o.<\/p>\n","protected":false},"excerpt":{"rendered":"<p>Na sua 24\u00aa edi\u00e7\u00e3o, a tradicional Festa Alem\u00e3 est\u00e1 prevista para acontecer entre os dias 13 e 23 de setembro, mas, antes, passar\u00e1 novamente por vistorias pelo Corpo de Bombeiros, marcada para esta quarta-feira, 12. O evento que ocorreria entre os dias 6 e 16 de setembro, teve de ser adiado devido \u00e0s inconformidades de [&hellip;]<\/p>\n","protected":false},"author":96,"featured_media":119131,"comment_status":"closed","ping_status":"closed","sticky":false,"template":"","format":"standard","meta":{"footnotes":""},"categories":[253,436,439],"tags":[1218,312],"class_list":["post-119129","post","type-post","status-publish","format-standard","has-post-thumbnail","hentry","category-cidade","category-destaque-da-semana","category-ultima-hora","tag-festa-alema","tag-juiz-de-fora"],"_links":{"self":[{"href":"https:\/\/diarioregionaldigital.com.br\/index.php?rest_route=\/wp\/v2\/posts\/119129","targetHints":{"allow":["GET"]}}],"collection":[{"href":"https:\/\/diarioregionaldigital.com.br\/index.php?rest_route=\/wp\/v2\/posts"}],"about":[{"href":"https:\/\/diarioregionaldigital.com.br\/index.php?rest_route=\/wp\/v2\/types\/post"}],"author":[{"embeddable":true,"href":"https:\/\/diarioregionaldigital.com.br\/index.php?rest_route=\/wp\/v2\/users\/96"}],"replies":[{"embeddable":true,"href":"https:\/\/diarioregionaldigital.com.br\/index.php?rest_route=%2Fwp%2Fv2%2Fcomments&post=119129"}],"version-history":[{"count":0,"href":"https:\/\/diarioregionaldigital.com.br\/index.php?rest_route=\/wp\/v2\/posts\/119129\/revisions"}],"wp:featuredmedia":[{"embeddable":true,"href":"https:\/\/diarioregionaldigital.com.br\/index.php?rest_route=\/wp\/v2\/media\/119131"}],"wp:attachment":[{"href":"https:\/\/diarioregionaldigital.com.br\/index.php?rest_route=%2Fwp%2Fv2%2Fmedia&parent=119129"}],"wp:term":[{"taxonomy":"category","embeddable":true,"href":"https:\/\/diarioregionaldigital.com.br\/index.php?rest_route=%2Fwp%2Fv2%2Fcategories&post=119129"},{"taxonomy":"post_tag","embeddable":true,"href":"https:\/\/diarioregionaldigital.com.br\/index.php?rest_route=%2Fwp%2Fv2%2Ftags&post=119129"}],"curies":[{"name":"wp","href":"https:\/\/api.w.org\/{rel}","templated":true}]}}