{"id":119100,"date":"2018-09-11T13:58:48","date_gmt":"2018-09-11T16:58:48","guid":{"rendered":"https:\/\/diarioregionaldigital.com.br\/?p=119100"},"modified":"2018-09-11T13:58:48","modified_gmt":"2018-09-11T16:58:48","slug":"beto-richa-e-preso-em-curitiba-em-operacao-da-gaeco","status":"publish","type":"post","link":"https:\/\/diarioregionaldigital.com.br\/?p=119100","title":{"rendered":"Beto Richa \u00e9 preso em Curitiba em opera\u00e7\u00e3o da Gaeco"},"content":{"rendered":"<p>O Grupo de Atua\u00e7\u00e3o Especial de Combate ao Crime Organizado (Gaeco), do Minist\u00e9rio P\u00fablico do Paran\u00e1, deflagrou nessa ter\u00e7a-feira, 11, a Opera\u00e7\u00e3o Radiopatrulha que tem por objetivo investigar irregularidades no programa Patrulha do Campo, lan\u00e7ado pelo ent\u00e3o governador do Paran\u00e1 Beto Richa, no per\u00edodo 2012-2014.<\/p>\n<p>Os policiais civis est\u00e3o cumprindo 15 mandados de pris\u00e3o tempor\u00e1ria e 26 de busca e apreens\u00e3o em Curitiba, Londrina, Santo Ant\u00f4nio do Sudoeste e Nova Prata do Igua\u00e7u. Entre os presos est\u00e3o o ex-governador do Paran\u00e1 Beto Richa e sua mulher Fernanda, ex-secret\u00e1rios de governo e empres\u00e1rios.<\/p>\n<p>As a\u00e7\u00f5es da Gaeco ocorrem em &#8220;16 resid\u00eancias, quatro escrit\u00f3rios, um escrit\u00f3rio pol\u00edtico, quatro empresas e na sede do Departamento de Estradas de Rodagem do Paran\u00e1. Os mandados foram emitidos pelo Ju\u00edzo da 13\u00aa Vara Criminal de Curitiba apurando-se ind\u00edcios de direcionamento de licita\u00e7\u00e3o para beneficiar empres\u00e1rios e pagamento de propina a agentes p\u00fablicos, al\u00e9m de lavagem de dinheiro e obstru\u00e7\u00e3o da Justi\u00e7a&#8221;.<\/p>\n<p><strong>Lava Jato<\/strong><\/p>\n<p>Tamb\u00e9m esta manh\u00e3 a Pol\u00edcia Federal deflagrou a Opera\u00e7\u00e3o Piloto, a 53\u00aa fase da Lava Jato, que investiga o envolvimento de funcion\u00e1rios p\u00fablicos e empres\u00e1rios com a empreiteira Odebrecht no favorecimento de licita\u00e7\u00e3o para obras na rodovia estadual PR-323.<\/p>\n<p>Deonilson Roldo, ex-chefe de gabinete do ent\u00e3o governador do Paran\u00e1 Beto Richa, \u00e9 um dos alvos de pris\u00e3o. Tamb\u00e9m foram presos &#8220;Jorge Theod\u00f3cio Atherino, empres\u00e1rio apontado como operador financeiro do ex-governador; e Tiago Correia Adriano Rocha, indicado como bra\u00e7o-direto de Jorge, e respons\u00e1vel por diversas transa\u00e7\u00f5es financeiras dos empreendimentos do executivo&#8221;.<\/p>\n<p>Cerca de 180 policiais federais cumprem 36 ordens judiciais, entre eles, dois de pris\u00e3o preventiva, um de pris\u00e3o tempor\u00e1ria e 33 de busca e apreens\u00e3o em endere\u00e7os no Paran\u00e1, em S\u00e3o Paulo e na Bahia. Os policiais apuram den\u00fancias de corrup\u00e7\u00e3o ativa e passiva, fraude \u00e0 licita\u00e7\u00e3o e lavagem de dinheiro. &#8220;O objetivo \u00e9 aprofundar as investiga\u00e7\u00f5es sobre a pr\u00e1tica de crimes de corrup\u00e7\u00e3o, lavagem de dinheiro e fraude \u00e0 licita\u00e7\u00e3o referentes \u00e0 duplica\u00e7\u00e3o da PR-323, favorecendo a empresa Odebrecht&#8221;, diz nota divulgada pelo Minist\u00e9rio Publico Federal (MPF).<\/p>\n<p>Segundo o MPF, &#8220;empres\u00e1rios do grupo Odebrecht realizaram, no primeiro semestre de 2014, um acerto de subornos com Deonilson Roldo, para que este limitasse a concorr\u00eancia da licita\u00e7\u00e3o para duplica\u00e7\u00e3o da PR-323, entre os munic\u00edpios de Francisco Alves e Maring\u00e1. Em contrapartida, a Odebrecht pagaria R$ 4 milh\u00f5es a Roldo e ao seu grupo.<\/p>\n<p>O nome de Opera\u00e7\u00e3o Piloto remete ao codinome atribu\u00eddo pelo Grupo Odebrecht em seus controles de repasses de pagamentos indevidos a investigados nesta a\u00e7\u00e3o policial. Os detidos ser\u00e3o conduzidos \u00e0 Superintend\u00eancia da Pol\u00edcia Federal em Curitiba, onde permanecer\u00e3o \u00e0 disposi\u00e7\u00e3o da Justi\u00e7a.<\/p>\n<p>&nbsp;<\/p>\n<p>Fonte: Ag\u00eancia Brasil<\/p>\n","protected":false},"excerpt":{"rendered":"<p>O Grupo de Atua\u00e7\u00e3o Especial de Combate ao Crime Organizado (Gaeco), do Minist\u00e9rio P\u00fablico do Paran\u00e1, deflagrou nessa ter\u00e7a-feira, 11, a Opera\u00e7\u00e3o Radiopatrulha que tem por objetivo investigar irregularidades no programa Patrulha do Campo, lan\u00e7ado pelo ent\u00e3o governador do Paran\u00e1 Beto Richa, no per\u00edodo 2012-2014. Os policiais civis est\u00e3o cumprindo 15 mandados de pris\u00e3o tempor\u00e1ria [&hellip;]<\/p>\n","protected":false},"author":96,"featured_media":119102,"comment_status":"closed","ping_status":"closed","sticky":false,"template":"","format":"standard","meta":{"footnotes":""},"categories":[436,254,439],"tags":[],"class_list":["post-119100","post","type-post","status-publish","format-standard","has-post-thumbnail","hentry","category-destaque-da-semana","category-politica","category-ultima-hora"],"_links":{"self":[{"href":"https:\/\/diarioregionaldigital.com.br\/index.php?rest_route=\/wp\/v2\/posts\/119100","targetHints":{"allow":["GET"]}}],"collection":[{"href":"https:\/\/diarioregionaldigital.com.br\/index.php?rest_route=\/wp\/v2\/posts"}],"about":[{"href":"https:\/\/diarioregionaldigital.com.br\/index.php?rest_route=\/wp\/v2\/types\/post"}],"author":[{"embeddable":true,"href":"https:\/\/diarioregionaldigital.com.br\/index.php?rest_route=\/wp\/v2\/users\/96"}],"replies":[{"embeddable":true,"href":"https:\/\/diarioregionaldigital.com.br\/index.php?rest_route=%2Fwp%2Fv2%2Fcomments&post=119100"}],"version-history":[{"count":0,"href":"https:\/\/diarioregionaldigital.com.br\/index.php?rest_route=\/wp\/v2\/posts\/119100\/revisions"}],"wp:featuredmedia":[{"embeddable":true,"href":"https:\/\/diarioregionaldigital.com.br\/index.php?rest_route=\/wp\/v2\/media\/119102"}],"wp:attachment":[{"href":"https:\/\/diarioregionaldigital.com.br\/index.php?rest_route=%2Fwp%2Fv2%2Fmedia&parent=119100"}],"wp:term":[{"taxonomy":"category","embeddable":true,"href":"https:\/\/diarioregionaldigital.com.br\/index.php?rest_route=%2Fwp%2Fv2%2Fcategories&post=119100"},{"taxonomy":"post_tag","embeddable":true,"href":"https:\/\/diarioregionaldigital.com.br\/index.php?rest_route=%2Fwp%2Fv2%2Ftags&post=119100"}],"curies":[{"name":"wp","href":"https:\/\/api.w.org\/{rel}","templated":true}]}}