{"id":119096,"date":"2018-09-11T12:54:53","date_gmt":"2018-09-11T15:54:53","guid":{"rendered":"https:\/\/diarioregionaldigital.com.br\/?p=119096"},"modified":"2018-09-11T12:55:57","modified_gmt":"2018-09-11T15:55:57","slug":"policia-militar-de-minas-gerais-abre-30-vagas-para-quadro-de-oficiais-de-saude-qos","status":"publish","type":"post","link":"https:\/\/diarioregionaldigital.com.br\/?p=119096","title":{"rendered":"Pol\u00edcia Militar de Minas Gerais abre 30 vagas para Quadro de Oficiais de Sa\u00fade (QOS)"},"content":{"rendered":"<p>Em Minas Gerais, a Pol\u00edcia Militar torna p\u00fablica a abertura das inscri\u00e7\u00f5es e estabelece normas para a realiza\u00e7\u00e3o do concurso p\u00fablico, regido pelo edital\u00a0DRH\/CRS N\u00ba 09\/2018, destinado a selecionar 30 candidatos para provimento de cargo no Quadro de Oficiais de Sa\u00fade (QOS) da Pol\u00edcia Militar de Minas Gerais. O contratado receber\u00e1 remunera\u00e7\u00e3o b\u00e1sica inicial para o cargo de 2\u00ba Tenente da PMMG no valor de R$ 8.874,60.<\/p>\n<p>As vagas dispon\u00edveis s\u00e3o para as categorias de M\u00e9dico (An\u00e1tomo-patologia, Anestesiologia, Cirurgia geral, Cirurgia pedi\u00e1trica, Ginecologia, Neurologia, Oftalmologia, Ortopedia, Patologia Cl\u00ednica, Pediatria, Psiquiatria, Urologia e Cl\u00ednica M\u00e9dica) e Psicologia (Cl\u00ednico).<\/p>\n<p><strong>Alguns dos requisitos para ingresso no CFO &#8211; PM s\u00e3o:<\/strong><\/p>\n<p>&#8211; Ser brasileiro(a) nato (a);<br \/>\n&#8211; Possuir idoneidade moral;<br \/>\n&#8211; Estar quite com as obriga\u00e7\u00f5es eleitorais e militares;<br \/>\n&#8211; Ter no m\u00e1ximo 35 anos de idade complet\u00e1veis at\u00e9 a data de inclus\u00e3o;<br \/>\n&#8211; Ter conclu\u00eddo curso de gradua\u00e7\u00e3o em n\u00edvel superior, obtido em estabelecimento reconhecido pelo sistema de ensino federal, estadual ou do Distrito Federal, em \u00e1rea compat\u00edvel com a fun\u00e7\u00e3o a ser exercida;<br \/>\n&#8211; Ter sanidade f\u00edsica, mental e aptid\u00e3o f\u00edsica;;<br \/>\n&#8211; Ser aprovado em avalia\u00e7\u00e3o psicol\u00f3gica;<br \/>\n&#8211; N\u00e3o apresentar, quando em uso dos diversos uniformes, tatuagem vis\u00edvel que seja, por seu significado, incompat\u00edvel com o exerc\u00edcio das atividades de policial militar;<br \/>\n&#8211; N\u00e3o ter sido demitido da PMMG, de outra institui\u00e7\u00e3o militar estadual ou das For\u00e7as Armadas; n\u00e3o ter dado baixa no conceito &#8220;C&#8221;, nos termos do C\u00f3digo de \u00c9tica e Disciplina dos Militares do Estado de Minas Gerais; n\u00e3o ter sido exonerado ou demitido da PMMG ou do Corpo de Bombeiros Militares de Minas Gerais com base no art. 146, incisos II, III, IV ou V, letra &#8220;a&#8221; e &#8220;caput&#8221; do art. 147, da Lei n\u00ba 5.301, de 16\/10\/1969;<br \/>\n&#8211; Possuir registro atualizado no Conselho Regional atinente \u00e0 categoria profissional para qual concorre.<\/p>\n<p><strong>O militar da PMMG, legalmente inclu\u00eddo na Corpora\u00e7\u00e3o, al\u00e9m dos requisitos previstos anteriormente, dever\u00e1 possuir os seguintes requisitos espec\u00edficos:<\/strong><\/p>\n<p>&#8211; Possuir, no m\u00e1ximo, 20 (vinte) anos de efetivo servi\u00e7o at\u00e9 a data prevista para a matr\u00edcula;<br \/>\n&#8211; N\u00e3o ter sido sancionado, nos \u00faltimos 24 (vinte e quatro) meses, por mais de uma transgress\u00e3o disciplinar de natureza grave transitada em julgado ou ativada;<br \/>\n&#8211; Estar classificado, no m\u00ednimo, no conceito &#8220;B&#8221;, com at\u00e9 24 pontos negativos;<br \/>\n&#8211; Estar aprovado na prova de conhecimentos do Treinamento Policial B\u00e1sico (TPB), na prova pr\u00e1tica com arma de fogo (TCAF) e no Teste de Capacita\u00e7\u00e3o F\u00edsica (TCF);<br \/>\n&#8211; N\u00e3o estar submetido a Processo Administrativo Disciplinar (PAD), Processo Administrativo Disciplinar Sum\u00e1rio (PADS) ou Processo Administrativo de Exonera\u00e7\u00e3o (PAE).<\/p>\n<h5>Inscri\u00e7\u00f5es e Provas<\/h5>\n<p>As inscri\u00e7\u00f5es ser\u00e3o feitas via internet, atrav\u00e9s do site\u00a0<a href=\"http:\/\/www.policiamilitar.mg.gov.br\/crs\" target=\"_blank\" rel=\"noopener\">www.policiamilitar.mg.gov.br\/crs<\/a>, no per\u00edodo de 6 de novembro a 5 de dezembro de 2018.<\/p>\n<p>O valor da taxa de inscri\u00e7\u00e3o \u00e9 de R$ 266,24<\/p>\n<p>O candidato que tiver dificuldade de acesso \u00e0 internet poder\u00e1 comparecer, durante o per\u00edodo de inscri\u00e7\u00e3o, diretamente nas Unidades relacionadas no edital, no hor\u00e1rio e dias estabelecidos, munido de documento de identidade e CPF, para realizar sua inscri\u00e7\u00e3o.<\/p>\n<p><strong>Este concurso ser\u00e1 composto de quatro fases:<\/strong><\/p>\n<p><strong>1\u00aa fase:<\/strong> Prova de Conhecimentos &#8211; 10 de fevereiro de 2019, em local espec\u00edfico a ser divulgado, em data estipulada no ANEXO \u201cA\u201d do edital com in\u00edcio previsto para \u00e0s 8h30min.<br \/>\n<strong>2\u00aa fase:<\/strong> Prova Te\u00f3rico-Pr\u00e1tica e de T\u00edtulos.<br \/>\n<strong>3\u00aa fase:<\/strong> Exames de Sa\u00fade (preliminares e complementares), Avalia\u00e7\u00e3o F\u00edsica Militar (AFM), Avalia\u00e7\u00f5es Psicol\u00f3gicas e Exame Toxicol\u00f3gico.<br \/>\n<strong>4\u00aa fase:<\/strong> Est\u00e1gio de Adapta\u00e7\u00e3o de Oficiais (EAdO).<\/p>\n<p>O prazo de validade do concurso p\u00fablico ser\u00e1 de 30 dias, podendo ser prorrogado uma \u00fanica vez e por igual per\u00edodo, contados da data do resultado final\/homologa\u00e7\u00e3o do concurso.<\/p>\n<p>&nbsp;<\/p>\n<p>Fonte: Concursos Brasil<\/p>\n","protected":false},"excerpt":{"rendered":"<p>Em Minas Gerais, a Pol\u00edcia Militar torna p\u00fablica a abertura das inscri\u00e7\u00f5es e estabelece normas para a realiza\u00e7\u00e3o do concurso p\u00fablico, regido pelo edital\u00a0DRH\/CRS N\u00ba 09\/2018, destinado a selecionar 30 candidatos para provimento de cargo no Quadro de Oficiais de Sa\u00fade (QOS) da Pol\u00edcia Militar de Minas Gerais. O contratado receber\u00e1 remunera\u00e7\u00e3o b\u00e1sica inicial para [&hellip;]<\/p>\n","protected":false},"author":96,"featured_media":119097,"comment_status":"closed","ping_status":"closed","sticky":false,"template":"","format":"standard","meta":{"footnotes":""},"categories":[280,439],"tags":[],"class_list":["post-119096","post","type-post","status-publish","format-standard","has-post-thumbnail","hentry","category-concurso","category-ultima-hora"],"_links":{"self":[{"href":"https:\/\/diarioregionaldigital.com.br\/index.php?rest_route=\/wp\/v2\/posts\/119096","targetHints":{"allow":["GET"]}}],"collection":[{"href":"https:\/\/diarioregionaldigital.com.br\/index.php?rest_route=\/wp\/v2\/posts"}],"about":[{"href":"https:\/\/diarioregionaldigital.com.br\/index.php?rest_route=\/wp\/v2\/types\/post"}],"author":[{"embeddable":true,"href":"https:\/\/diarioregionaldigital.com.br\/index.php?rest_route=\/wp\/v2\/users\/96"}],"replies":[{"embeddable":true,"href":"https:\/\/diarioregionaldigital.com.br\/index.php?rest_route=%2Fwp%2Fv2%2Fcomments&post=119096"}],"version-history":[{"count":0,"href":"https:\/\/diarioregionaldigital.com.br\/index.php?rest_route=\/wp\/v2\/posts\/119096\/revisions"}],"wp:featuredmedia":[{"embeddable":true,"href":"https:\/\/diarioregionaldigital.com.br\/index.php?rest_route=\/wp\/v2\/media\/119097"}],"wp:attachment":[{"href":"https:\/\/diarioregionaldigital.com.br\/index.php?rest_route=%2Fwp%2Fv2%2Fmedia&parent=119096"}],"wp:term":[{"taxonomy":"category","embeddable":true,"href":"https:\/\/diarioregionaldigital.com.br\/index.php?rest_route=%2Fwp%2Fv2%2Fcategories&post=119096"},{"taxonomy":"post_tag","embeddable":true,"href":"https:\/\/diarioregionaldigital.com.br\/index.php?rest_route=%2Fwp%2Fv2%2Ftags&post=119096"}],"curies":[{"name":"wp","href":"https:\/\/api.w.org\/{rel}","templated":true}]}}