{"id":119093,"date":"2018-09-11T12:38:10","date_gmt":"2018-09-11T15:38:10","guid":{"rendered":"https:\/\/diarioregionaldigital.com.br\/?p=119093"},"modified":"2018-09-11T12:38:10","modified_gmt":"2018-09-11T15:38:10","slug":"irmaos-vao-a-juri-popular-por-dupla-tentativa-de-homicidio-ocorrida-em-2017-muriae","status":"publish","type":"post","link":"https:\/\/diarioregionaldigital.com.br\/?p=119093","title":{"rendered":"Irm\u00e3os v\u00e3o a j\u00fari popular por dupla tentativa de homic\u00eddio ocorrida em 2017, Muria\u00e9"},"content":{"rendered":"<p>Dois irm\u00e3os, de 29 e 32 anos, est\u00e3o sendo submetidos a j\u00fari popular nesta ter\u00e7a-feira, 11, no F\u00f3rum de Muria\u00e9, acusados por uma dupla tentativa de homic\u00eddio ocorrida em 17 de fevereiro de 2017, no bairro Santa Terezinha da mesma cidade. Na ocasi\u00e3o, um casal sofreu uma emboscada a tiros, foi baleado, mas escapou com vida. A dupla ainda responde por corrup\u00e7\u00e3o de menor, devido ao envolvimento de um terceiro irm\u00e3o, adolescente que, segundo a acusa\u00e7\u00e3o, tamb\u00e9m teria atirado contra as v\u00edtimas.<\/p>\n<p>Ambos os r\u00e9us estavam presos em fun\u00e7\u00e3o do processo, aguardando o julgamento que \u00e9 presidido pela ju\u00edza da vara Criminal de Muria\u00e9, Michele Camarinha. A acusa\u00e7\u00e3o \u00e9 desempenhada pelo Minist\u00e9rio P\u00fablico (MP) representado pela promotora Jackeliny Rangel. Um dos acusados tem como defensor o advogado criminalista Karlo Ernandez e o outro \u00e9 representado pela Defensoria P\u00fablica.<\/p>\n<p>O crime aconteceu na rua Muria\u00e9. De acordo com a den\u00fancia do MP, o casal seguia no autom\u00f3vel da mulher quando foi emboscado pelo trio de irm\u00e3os que estavam em um carro que fechou o ve\u00edculo das v\u00edtimas e, em seguida, os dois adultos e o menor dispararam v\u00e1rios tiros contra o casal.<\/p>\n<p>Mesmo feridas as v\u00edtimas conseguiram correr, sendo socorridas por populares, tendo os autores fugido do local. O carro no qual estava o casal apresentava diversas perfura\u00e7\u00f5es de tiros e ao menos nove capsulas de muni\u00e7\u00e3o foram recolhidas na cena do crime.<\/p>\n<p>Conforme a acusa\u00e7\u00e3o, a motiva\u00e7\u00e3o seria um desentendimento entre a v\u00edtima mulher e o suposto autor adolescente, referente ao tr\u00e1fico de entorpecentes, e pelo fato de um dos irm\u00e3os adultos ser apaixonado pela mulher, que era sua vizinha, e n\u00e3o se conformar com o fato de a mesma estar amasiada com outro homem.<\/p>\n<p>&nbsp;<\/p>\n<p>Fonte: R\u00e1dio Muria\u00e9<\/p>\n","protected":false},"excerpt":{"rendered":"<p>Dois irm\u00e3os, de 29 e 32 anos, est\u00e3o sendo submetidos a j\u00fari popular nesta ter\u00e7a-feira, 11, no F\u00f3rum de Muria\u00e9, acusados por uma dupla tentativa de homic\u00eddio ocorrida em 17 de fevereiro de 2017, no bairro Santa Terezinha da mesma cidade. Na ocasi\u00e3o, um casal sofreu uma emboscada a tiros, foi baleado, mas escapou com [&hellip;]<\/p>\n","protected":false},"author":96,"featured_media":119094,"comment_status":"closed","ping_status":"closed","sticky":false,"template":"","format":"standard","meta":{"footnotes":""},"categories":[252,439],"tags":[],"class_list":["post-119093","post","type-post","status-publish","format-standard","has-post-thumbnail","hentry","category-regiao","category-ultima-hora"],"_links":{"self":[{"href":"https:\/\/diarioregionaldigital.com.br\/index.php?rest_route=\/wp\/v2\/posts\/119093","targetHints":{"allow":["GET"]}}],"collection":[{"href":"https:\/\/diarioregionaldigital.com.br\/index.php?rest_route=\/wp\/v2\/posts"}],"about":[{"href":"https:\/\/diarioregionaldigital.com.br\/index.php?rest_route=\/wp\/v2\/types\/post"}],"author":[{"embeddable":true,"href":"https:\/\/diarioregionaldigital.com.br\/index.php?rest_route=\/wp\/v2\/users\/96"}],"replies":[{"embeddable":true,"href":"https:\/\/diarioregionaldigital.com.br\/index.php?rest_route=%2Fwp%2Fv2%2Fcomments&post=119093"}],"version-history":[{"count":0,"href":"https:\/\/diarioregionaldigital.com.br\/index.php?rest_route=\/wp\/v2\/posts\/119093\/revisions"}],"wp:featuredmedia":[{"embeddable":true,"href":"https:\/\/diarioregionaldigital.com.br\/index.php?rest_route=\/wp\/v2\/media\/119094"}],"wp:attachment":[{"href":"https:\/\/diarioregionaldigital.com.br\/index.php?rest_route=%2Fwp%2Fv2%2Fmedia&parent=119093"}],"wp:term":[{"taxonomy":"category","embeddable":true,"href":"https:\/\/diarioregionaldigital.com.br\/index.php?rest_route=%2Fwp%2Fv2%2Fcategories&post=119093"},{"taxonomy":"post_tag","embeddable":true,"href":"https:\/\/diarioregionaldigital.com.br\/index.php?rest_route=%2Fwp%2Fv2%2Ftags&post=119093"}],"curies":[{"name":"wp","href":"https:\/\/api.w.org\/{rel}","templated":true}]}}