{"id":119087,"date":"2018-09-11T12:26:43","date_gmt":"2018-09-11T15:26:43","guid":{"rendered":"https:\/\/diarioregionaldigital.com.br\/?p=119087"},"modified":"2018-09-11T12:26:43","modified_gmt":"2018-09-11T15:26:43","slug":"bolsonaro-retira-sonda-nasogastrica-e-comeca-a-se-alimentar-via-oral","status":"publish","type":"post","link":"https:\/\/diarioregionaldigital.com.br\/?p=119087","title":{"rendered":"Bolsonaro retira sonda nasog\u00e1strica e come\u00e7a a se alimentar via oral"},"content":{"rendered":"<p>O candidato \u00e0 Presid\u00eancia da Rep\u00fablica pelo PSL, Jair Bolsonaro, retirou na manh\u00e3 dessa ter\u00e7a-feira, 11, a sonda nasog\u00e1strica para reintrodu\u00e7\u00e3o da alimenta\u00e7\u00e3o oral, que ter\u00e1 progress\u00e3o gradual conforme a aceita\u00e7\u00e3o do paciente. A alimenta\u00e7\u00e3o endovenosa ser\u00e1 mantida, de acordo com as informa\u00e7\u00f5es do boletim m\u00e9dico divulgado h\u00e1 pouco pelo Hospital Albert Einstein.<\/p>\n<p>O candidato tem quadro de sa\u00fade est\u00e1vel e permanece em cuidados de terapia intensiva, sem febre e sem sinais de infec\u00e7\u00e3o. Ele precisar\u00e1 passar por nova cirurgia, posteriormente, para reconstruir o intestino\u00a0e retirar a bolsa de colostomia, feita em fun\u00e7\u00e3o de les\u00f5es graves no intestino grosso e delgado.<\/p>\n<p>Bolsonaro foi atingido por uma faca na regi\u00e3o abdominal na \u00faltima quinta-feira, 6, quando participava de uma atividade de campanha em\u00a0Minas Gerais. Ele foi atendido pela Santa Casa de Juiz de Fora, onde recebeu os primeiros atendimentos ap\u00f3s a facada e passou por cirurgia. O candidato foi transferido para o Hospital Albert Einstein, na capital paulista, na sexta-feira, 7,\u00a0a pedido da fam\u00edlia.<\/p>\n<p>Fazem parte da equipe m\u00e9dica do candidato o cirurgi\u00e3o Ant\u00f4nio Luiz Macedo, o cl\u00ednico e cardiologista Leandro Echenique e o diretor-superintendente do hospital, Miguel Cendoroglo.<\/p>\n<p>&nbsp;<\/p>\n<p>Fonte: Ag\u00eancia Brasil<\/p>\n","protected":false},"excerpt":{"rendered":"<p>O candidato \u00e0 Presid\u00eancia da Rep\u00fablica pelo PSL, Jair Bolsonaro, retirou na manh\u00e3 dessa ter\u00e7a-feira, 11, a sonda nasog\u00e1strica para reintrodu\u00e7\u00e3o da alimenta\u00e7\u00e3o oral, que ter\u00e1 progress\u00e3o gradual conforme a aceita\u00e7\u00e3o do paciente. A alimenta\u00e7\u00e3o endovenosa ser\u00e1 mantida, de acordo com as informa\u00e7\u00f5es do boletim m\u00e9dico divulgado h\u00e1 pouco pelo Hospital Albert Einstein. O candidato [&hellip;]<\/p>\n","protected":false},"author":96,"featured_media":119088,"comment_status":"closed","ping_status":"closed","sticky":false,"template":"","format":"standard","meta":{"footnotes":""},"categories":[302,439],"tags":[],"class_list":["post-119087","post","type-post","status-publish","format-standard","has-post-thumbnail","hentry","category-brasil-mundo","category-ultima-hora"],"_links":{"self":[{"href":"https:\/\/diarioregionaldigital.com.br\/index.php?rest_route=\/wp\/v2\/posts\/119087","targetHints":{"allow":["GET"]}}],"collection":[{"href":"https:\/\/diarioregionaldigital.com.br\/index.php?rest_route=\/wp\/v2\/posts"}],"about":[{"href":"https:\/\/diarioregionaldigital.com.br\/index.php?rest_route=\/wp\/v2\/types\/post"}],"author":[{"embeddable":true,"href":"https:\/\/diarioregionaldigital.com.br\/index.php?rest_route=\/wp\/v2\/users\/96"}],"replies":[{"embeddable":true,"href":"https:\/\/diarioregionaldigital.com.br\/index.php?rest_route=%2Fwp%2Fv2%2Fcomments&post=119087"}],"version-history":[{"count":0,"href":"https:\/\/diarioregionaldigital.com.br\/index.php?rest_route=\/wp\/v2\/posts\/119087\/revisions"}],"wp:featuredmedia":[{"embeddable":true,"href":"https:\/\/diarioregionaldigital.com.br\/index.php?rest_route=\/wp\/v2\/media\/119088"}],"wp:attachment":[{"href":"https:\/\/diarioregionaldigital.com.br\/index.php?rest_route=%2Fwp%2Fv2%2Fmedia&parent=119087"}],"wp:term":[{"taxonomy":"category","embeddable":true,"href":"https:\/\/diarioregionaldigital.com.br\/index.php?rest_route=%2Fwp%2Fv2%2Fcategories&post=119087"},{"taxonomy":"post_tag","embeddable":true,"href":"https:\/\/diarioregionaldigital.com.br\/index.php?rest_route=%2Fwp%2Fv2%2Ftags&post=119087"}],"curies":[{"name":"wp","href":"https:\/\/api.w.org\/{rel}","templated":true}]}}