{"id":119084,"date":"2018-09-11T12:16:29","date_gmt":"2018-09-11T15:16:29","guid":{"rendered":"https:\/\/diarioregionaldigital.com.br\/?p=119084"},"modified":"2018-09-11T12:16:29","modified_gmt":"2018-09-11T15:16:29","slug":"a-serie-de-ataques-de-11-de-setembro-completa-17-anos","status":"publish","type":"post","link":"https:\/\/diarioregionaldigital.com.br\/?p=119084","title":{"rendered":"A s\u00e9rie de ataques de 11 de Setembro completa 17 anos"},"content":{"rendered":"<p>A s\u00e9rie de atentados de 11 de Setembro de 2001 completa 17 anos nesta ter\u00e7a-feira, 11. Na ocasi\u00e3o morreram cerca de 3 mil pessoas, incluindo 227 civis e 19 sequestradores dos avi\u00f5es. A data ser\u00e1 lembrada com cerim\u00f4nias nos Estados Unidos.<\/p>\n<p>Na manh\u00e3 do dia 11 de Setembro de 2001, 19 homens sequestraram quatro avi\u00f5es comerciais com passageiros. A bordo das aeronaves, os sequestradores colidiram contra as Torres G\u00eameas, um complexo do World Trade Center, em Nova York.<\/p>\n<p>Todos a bordo morreram e muitos dos que estavam nos pr\u00e9dios tamb\u00e9m. Os dois edif\u00edcios desmoronaram, depois dos impactos, atingindo os pr\u00e9dios ao lado. Um terceiro avi\u00e3o de passageiros atingiu o Pent\u00e1gono, a sede do Departamento de Defesa dos Estados Unidos, na Virg\u00ednia, nos arredores da capital, Washington.<\/p>\n<p>A quarta aeronave caiu em um campo aberto pr\u00f3ximo, na Pensilv\u00e2nia. Segundo investiga\u00e7\u00f5es, a partir de registros na caixa-preta e de depoimentos de parentes, passageiros e tripulantes tentaram retomar o controle do avi\u00e3o, provocando a queda. N\u00e3o houve sobreviventes.<\/p>\n<h4>Impactos<\/h4>\n<p>A partir de ent\u00e3o houve uma ofensiva dos Estados Unidos e pa\u00edses aliados lan\u00e7ando a chamada Guerra ao Terror, promovendo invas\u00f5es ao Afeganist\u00e3o para atingir o Taliban, que reuniu integrantes da Al-Qaeda.<\/p>\n<p>O ent\u00e3o presidente norte-americano George W. Bush lan\u00e7ou uma guerra contra os pa\u00edses que considerava inimigos dos Estados Unidos. Segundo ele, essas na\u00e7\u00f5es apoiavam o terrorismo e mantinham armas de destrui\u00e7\u00e3o em massa, tendo como refer\u00eancias do chamado \u201ceixo do mal\u201d: Coreia do Norte, Ir\u00e3 e Iraque.<\/p>\n<p>Na ocasi\u00e3o, os norte-americanos aprovaram leis para aumentar o rigor antiterrorismo e v\u00e1rios pa\u00edses fizeram o mesmo. Houve efeito tamb\u00e9m na economia com o fechamento das bolsas de valores e preju\u00edzos nas ind\u00fastrias.<\/p>\n<p>O pr\u00e9dio do Pent\u00e1gono, tamb\u00e9m atingido por um dos avi\u00f5es, foi reconstru\u00eddo e virou uma esp\u00e9cie de s\u00edmbolo. Em 2006, o processo de reconstru\u00e7\u00e3o foi iniciado no local do Word Trade Center, em Nova York, para que no local fossem levantados edif\u00edcios de escrit\u00f3rios.<\/p>\n<p>Em homenagem ao voo 93, desviado na Pensilv\u00e2nia, e que estava programado, segundo investiga\u00e7\u00f5es, para atingir a sede do governo dos Estados Unidos, foi constru\u00eddo um memorial.<\/p>\n<p>&nbsp;<\/p>\n<p>Fonte: Ag\u00eancia Brasil<\/p>\n","protected":false},"excerpt":{"rendered":"<p>A s\u00e9rie de atentados de 11 de Setembro de 2001 completa 17 anos nesta ter\u00e7a-feira, 11. Na ocasi\u00e3o morreram cerca de 3 mil pessoas, incluindo 227 civis e 19 sequestradores dos avi\u00f5es. A data ser\u00e1 lembrada com cerim\u00f4nias nos Estados Unidos. Na manh\u00e3 do dia 11 de Setembro de 2001, 19 homens sequestraram quatro avi\u00f5es [&hellip;]<\/p>\n","protected":false},"author":96,"featured_media":119085,"comment_status":"closed","ping_status":"closed","sticky":false,"template":"","format":"standard","meta":{"footnotes":""},"categories":[302,439],"tags":[],"class_list":["post-119084","post","type-post","status-publish","format-standard","has-post-thumbnail","hentry","category-brasil-mundo","category-ultima-hora"],"_links":{"self":[{"href":"https:\/\/diarioregionaldigital.com.br\/index.php?rest_route=\/wp\/v2\/posts\/119084","targetHints":{"allow":["GET"]}}],"collection":[{"href":"https:\/\/diarioregionaldigital.com.br\/index.php?rest_route=\/wp\/v2\/posts"}],"about":[{"href":"https:\/\/diarioregionaldigital.com.br\/index.php?rest_route=\/wp\/v2\/types\/post"}],"author":[{"embeddable":true,"href":"https:\/\/diarioregionaldigital.com.br\/index.php?rest_route=\/wp\/v2\/users\/96"}],"replies":[{"embeddable":true,"href":"https:\/\/diarioregionaldigital.com.br\/index.php?rest_route=%2Fwp%2Fv2%2Fcomments&post=119084"}],"version-history":[{"count":0,"href":"https:\/\/diarioregionaldigital.com.br\/index.php?rest_route=\/wp\/v2\/posts\/119084\/revisions"}],"wp:featuredmedia":[{"embeddable":true,"href":"https:\/\/diarioregionaldigital.com.br\/index.php?rest_route=\/wp\/v2\/media\/119085"}],"wp:attachment":[{"href":"https:\/\/diarioregionaldigital.com.br\/index.php?rest_route=%2Fwp%2Fv2%2Fmedia&parent=119084"}],"wp:term":[{"taxonomy":"category","embeddable":true,"href":"https:\/\/diarioregionaldigital.com.br\/index.php?rest_route=%2Fwp%2Fv2%2Fcategories&post=119084"},{"taxonomy":"post_tag","embeddable":true,"href":"https:\/\/diarioregionaldigital.com.br\/index.php?rest_route=%2Fwp%2Fv2%2Ftags&post=119084"}],"curies":[{"name":"wp","href":"https:\/\/api.w.org\/{rel}","templated":true}]}}