{"id":119082,"date":"2018-09-11T12:02:40","date_gmt":"2018-09-11T15:02:40","guid":{"rendered":"https:\/\/diarioregionaldigital.com.br\/?p=119082"},"modified":"2018-09-11T12:02:40","modified_gmt":"2018-09-11T15:02:40","slug":"receita-regulamenta-cadastro-de-atividade-economica-da-pessoa-fisica","status":"publish","type":"post","link":"https:\/\/diarioregionaldigital.com.br\/?p=119082","title":{"rendered":"Receita regulamenta Cadastro de Atividade Econ\u00f4mica da Pessoa F\u00edsica"},"content":{"rendered":"<p>A Receita Federal regulamentou o Cadastro de Atividade Econ\u00f4mica da Pessoa F\u00edsica (Caepef). A Instru\u00e7\u00e3o Normativa n\u00ba 1828\/2018 da Receita foi publicada na edi\u00e7\u00e3o dessa ter\u00e7a-feira, 11, do Di\u00e1rio Oficial da Uni\u00e3o.<\/p>\n<p>O Caepf substitui o Cadastro Espec\u00edfico do Instituto Nacional do Seguro Social (INSS), chamado de CEI.<\/p>\n<p>Esse cadastro \u00e9 exigido como forma de controle das contribui\u00e7\u00f5es previdenci\u00e1rias, resultado da atividade econ\u00f4mica de pessoas f\u00edsicas, ou seja, que n\u00e3o t\u00eam Cadastro Nacional da Pessoa Jur\u00eddica (CNPJ).<\/p>\n<p>Segundo a Receita Federal, o cadastro entrar\u00e1 em produ\u00e7\u00e3o de forma facultativa para o contribuinte em 1\u00ba de outubro deste ano e ser\u00e1 obrigat\u00f3rio em 2019. No per\u00edodo de 1\u00ba de outubro de 2018 a 14 de janeiro de 2019 o CEI coexistir\u00e1 com o Caepf, diz a instru\u00e7\u00e3o normativa.<\/p>\n<p>&nbsp;<\/p>\n<p><strong>Obrigatoriedade<\/strong><\/p>\n<p>Est\u00e3o obrigadas a inscrever-se no Caepf as pessoas f\u00edsicas que exercem atividade econ\u00f4mica nas seguintes situa\u00e7\u00f5es: contribuinte individual; quem tem segurado que lhe preste servi\u00e7o; produtor rural cuja atividade constitua fato gerador da contribui\u00e7\u00e3o previdenci\u00e1ria; titular de cart\u00f3rio; e pessoas que compram produ\u00e7\u00e3o rural para venda no varejo.<\/p>\n<p>Para fazer a inscri\u00e7\u00e3o no Caepf, a pessoa f\u00edsica deve acessar o portal do Centro Virtual de Atendimento (e-CAC) ou ir a uma das unidades de atendimento da Receita.<\/p>\n<p>A inscri\u00e7\u00e3o no Caepf dever\u00e1 ser efetuada no prazo de 30 dias, contados do in\u00edcio da atividade econ\u00f4mica exercida pela pessoa f\u00edsica.<\/p>\n<p>&nbsp;<\/p>\n<p>Fonte: Ag\u00eancia Brasil<\/p>\n","protected":false},"excerpt":{"rendered":"<p>A Receita Federal regulamentou o Cadastro de Atividade Econ\u00f4mica da Pessoa F\u00edsica (Caepef). A Instru\u00e7\u00e3o Normativa n\u00ba 1828\/2018 da Receita foi publicada na edi\u00e7\u00e3o dessa ter\u00e7a-feira, 11, do Di\u00e1rio Oficial da Uni\u00e3o. O Caepf substitui o Cadastro Espec\u00edfico do Instituto Nacional do Seguro Social (INSS), chamado de CEI. Esse cadastro \u00e9 exigido como forma de [&hellip;]<\/p>\n","protected":false},"author":96,"featured_media":109475,"comment_status":"closed","ping_status":"closed","sticky":false,"template":"","format":"standard","meta":{"footnotes":""},"categories":[261,439],"tags":[],"class_list":["post-119082","post","type-post","status-publish","format-standard","has-post-thumbnail","hentry","category-economia","category-ultima-hora"],"_links":{"self":[{"href":"https:\/\/diarioregionaldigital.com.br\/index.php?rest_route=\/wp\/v2\/posts\/119082","targetHints":{"allow":["GET"]}}],"collection":[{"href":"https:\/\/diarioregionaldigital.com.br\/index.php?rest_route=\/wp\/v2\/posts"}],"about":[{"href":"https:\/\/diarioregionaldigital.com.br\/index.php?rest_route=\/wp\/v2\/types\/post"}],"author":[{"embeddable":true,"href":"https:\/\/diarioregionaldigital.com.br\/index.php?rest_route=\/wp\/v2\/users\/96"}],"replies":[{"embeddable":true,"href":"https:\/\/diarioregionaldigital.com.br\/index.php?rest_route=%2Fwp%2Fv2%2Fcomments&post=119082"}],"version-history":[{"count":0,"href":"https:\/\/diarioregionaldigital.com.br\/index.php?rest_route=\/wp\/v2\/posts\/119082\/revisions"}],"wp:featuredmedia":[{"embeddable":true,"href":"https:\/\/diarioregionaldigital.com.br\/index.php?rest_route=\/wp\/v2\/media\/109475"}],"wp:attachment":[{"href":"https:\/\/diarioregionaldigital.com.br\/index.php?rest_route=%2Fwp%2Fv2%2Fmedia&parent=119082"}],"wp:term":[{"taxonomy":"category","embeddable":true,"href":"https:\/\/diarioregionaldigital.com.br\/index.php?rest_route=%2Fwp%2Fv2%2Fcategories&post=119082"},{"taxonomy":"post_tag","embeddable":true,"href":"https:\/\/diarioregionaldigital.com.br\/index.php?rest_route=%2Fwp%2Fv2%2Ftags&post=119082"}],"curies":[{"name":"wp","href":"https:\/\/api.w.org\/{rel}","templated":true}]}}