{"id":119073,"date":"2018-09-11T11:30:09","date_gmt":"2018-09-11T14:30:09","guid":{"rendered":"https:\/\/diarioregionaldigital.com.br\/?p=119073"},"modified":"2018-09-11T11:30:09","modified_gmt":"2018-09-11T14:30:09","slug":"briga-boa-por-meia-lucas-paqueta-do-flamengo","status":"publish","type":"post","link":"https:\/\/diarioregionaldigital.com.br\/?p=119073","title":{"rendered":"Briga boa por meia Lucas Paquet\u00e1 do Flamengo"},"content":{"rendered":"<p>Depois de estrear pela Sele\u00e7\u00e3o Brasileira na \u00faltima sexta, o meia Lucas Paquet\u00e1 \u00e9 o novo alvo do Barcelona. Pelo menos \u00e9 o que diz a capa do jornal Sport, da Espanha. Que destacou a disputa dos gigantes Paris Saint-Germain e Barcelona pelo jogador de 21 anos.<\/p>\n<p>Vale ressaltar que Milan e Manchester City tamb\u00e9m est\u00e3o de olho na promessa rubro-negra, que tem multa rescis\u00f3ria de 50 milh\u00f5es de euros (cerca de R$ 237 milh\u00f5es).<\/p>\n<p>A ideia do Flamengo \u00e9 renovar o contrato do jogador e aumentar a sua multa rescis\u00f3ria. O v\u00ednculo de Paquet\u00e1 com o Rubro-Negro \u00e9 v\u00e1lido at\u00e9 dezembro de 2020.<\/p>\n","protected":false},"excerpt":{"rendered":"<p>Depois de estrear pela Sele\u00e7\u00e3o Brasileira na \u00faltima sexta, o meia Lucas Paquet\u00e1 \u00e9 o novo alvo do Barcelona. Pelo menos \u00e9 o que diz a capa do jornal Sport, da Espanha. Que destacou a disputa dos gigantes Paris Saint-Germain e Barcelona pelo jogador de 21 anos. Vale ressaltar que Milan e Manchester City tamb\u00e9m [&hellip;]<\/p>\n","protected":false},"author":96,"featured_media":119074,"comment_status":"closed","ping_status":"closed","sticky":false,"template":"","format":"standard","meta":{"footnotes":""},"categories":[257,439],"tags":[],"class_list":["post-119073","post","type-post","status-publish","format-standard","has-post-thumbnail","hentry","category-esporte","category-ultima-hora"],"_links":{"self":[{"href":"https:\/\/diarioregionaldigital.com.br\/index.php?rest_route=\/wp\/v2\/posts\/119073","targetHints":{"allow":["GET"]}}],"collection":[{"href":"https:\/\/diarioregionaldigital.com.br\/index.php?rest_route=\/wp\/v2\/posts"}],"about":[{"href":"https:\/\/diarioregionaldigital.com.br\/index.php?rest_route=\/wp\/v2\/types\/post"}],"author":[{"embeddable":true,"href":"https:\/\/diarioregionaldigital.com.br\/index.php?rest_route=\/wp\/v2\/users\/96"}],"replies":[{"embeddable":true,"href":"https:\/\/diarioregionaldigital.com.br\/index.php?rest_route=%2Fwp%2Fv2%2Fcomments&post=119073"}],"version-history":[{"count":0,"href":"https:\/\/diarioregionaldigital.com.br\/index.php?rest_route=\/wp\/v2\/posts\/119073\/revisions"}],"wp:featuredmedia":[{"embeddable":true,"href":"https:\/\/diarioregionaldigital.com.br\/index.php?rest_route=\/wp\/v2\/media\/119074"}],"wp:attachment":[{"href":"https:\/\/diarioregionaldigital.com.br\/index.php?rest_route=%2Fwp%2Fv2%2Fmedia&parent=119073"}],"wp:term":[{"taxonomy":"category","embeddable":true,"href":"https:\/\/diarioregionaldigital.com.br\/index.php?rest_route=%2Fwp%2Fv2%2Fcategories&post=119073"},{"taxonomy":"post_tag","embeddable":true,"href":"https:\/\/diarioregionaldigital.com.br\/index.php?rest_route=%2Fwp%2Fv2%2Ftags&post=119073"}],"curies":[{"name":"wp","href":"https:\/\/api.w.org\/{rel}","templated":true}]}}