{"id":119060,"date":"2018-09-11T09:35:23","date_gmt":"2018-09-11T12:35:23","guid":{"rendered":"https:\/\/diarioregionaldigital.com.br\/?p=119060"},"modified":"2018-09-12T08:55:20","modified_gmt":"2018-09-12T11:55:20","slug":"presidenciaveis-arrecadam-r-143-milhoes-648-sao-recursos-publicos","status":"publish","type":"post","link":"https:\/\/diarioregionaldigital.com.br\/?p=119060","title":{"rendered":"Presidenci\u00e1veis arrecadam R$ 143 milh\u00f5es; 64,8% s\u00e3o recursos p\u00fablicos"},"content":{"rendered":"<p>Os 13 candidatos \u00e0 Presid\u00eancia da Rep\u00fablica declararam ao Tribunal Superior Eleitoral (TSE)\u00a0ter\u00a0arrecadado R$ 143 milh\u00f5es. Desse montante, R$ 92,7 milh\u00f5es s\u00e3o recursos p\u00fablicos do Fundo Especial de Financiamento da Campanha (FEFC), o que representa 64,8% do total. At\u00e9 o momento, o candidato Cabo Daciolo (Patri) n\u00e3o declarou movimenta\u00e7\u00e3o financeira \u00e0 Justi\u00e7a Eleitoral.<\/p>\n<p>Os candidatos t\u00eam prazo de 72 horas para informar \u00e0 Justi\u00e7a Eleitoral as doa\u00e7\u00f5es recebidas para financiamento da campanha. Nesta\u00a0quinta-feira, 13, os partidos e os candidatos devem fazer a presta\u00e7\u00e3o de contas parcial da movimenta\u00e7\u00e3o financeira ocorrida do in\u00edcio da campanha at\u00e9 o \u00faltimo\u00a0s\u00e1bado, 8. Segundo o TSE, a aus\u00eancia de informa\u00e7\u00f5es sobre doa\u00e7\u00e3o financeira recebida ou gasto contratado ser\u00e1 examinada no julgamento da presta\u00e7\u00e3o de contas de cada candidato.<\/p>\n<p>Pelo Artigo 29, da Lei 9054\/1997, &#8220;a inobserv\u00e2ncia do prazo para encaminhamento das presta\u00e7\u00f5es de contas impede a diploma\u00e7\u00e3o dos eleitos, enquanto perdurar&#8221;. A legisla\u00e7\u00e3o prev\u00ea ainda que eventuais d\u00edvidas de campanha poder\u00e3o ser assumidas pelo partido do candidato.<\/p>\n<h2>Maior arrecada\u00e7\u00e3o<\/h2>\n<p>Segundo dados dispon\u00edveis no\u00a0<a href=\"http:\/\/www.tse.jus.br\/eleicoes\/eleicoes-2018\/divulgacandcontas#\/estados\/2018\/2022802018\/BR\/candidatos\" target=\"_blank\" rel=\"noopener\">portal do TSE<\/a>, o tucano Geraldo Alckmin foi o presidenci\u00e1vel que informou maior arrecada\u00e7\u00e3o at\u00e9 este momento: R$ 46,3 milh\u00f5es, sendo 97,9% do Fundo Especial de Financiamento de Campanha. O candidato declarou despesas de R$ 9,4 milh\u00f5es, boa parte com impress\u00e3o de material (R$ 7,2 milh\u00f5es) e transporte (R$ 1,3 milh\u00e3o).<\/p>\n<p>O candidato Henrique Meirelles (MDB) faz quest\u00e3o de dizer que est\u00e1 financiando pessoalmente a sua campanha. Meirelles declarou\u00a0ter\u00a0destinado R$ 45 milh\u00f5es para a elei\u00e7\u00e3o presidencial, bem como despesas de R$ 39,1 milh\u00f5es. Mais da metade desse total &#8211; R$ 24,7 milh\u00f5es &#8211; foi gasto na produ\u00e7\u00e3o dos programas de r\u00e1dio e televis\u00e3o, al\u00e9m de R$ 5,3 milh\u00f5es para a cria\u00e7\u00e3o e inclus\u00e3o de p\u00e1ginas na internet.<\/p>\n<p>De acordo com o PT, a campanha presidencial recebeu R$ 20,6 milh\u00f5es, sendo R$ 20 milh\u00f5es do fundo especial. O restante foi de financiamento coletivo. O partido, que ainda n\u00e3o tem candidato a presidente homologado pela Justi\u00e7a Eleitoral, informou ao TSE\u00a0ter\u00a0gasto cerca de R$ 19,8 milh\u00f5es, sendo R$ 14,5 milh\u00f5es na produ\u00e7\u00e3o dos programas para o hor\u00e1rio gratuito.<\/p>\n<p>A campanha petista destinou R$ 900 mil para o escrit\u00f3rio Arag\u00e3o &amp; Ferraro Advogados Associados que faz a defesa da candidatura do ex-presidente Luiz In\u00e1cio Lula da Silva.<\/p>\n<h2>Hor\u00e1rio eleitoral<\/h2>\n<p>O candidato Ciro Gomes (PDT) declarou\u00a0ter\u00a0arrecadado pouco mais de R$ 10 milh\u00f5es, quase a totalidade do fundo especial. Cerca de R$ 53.649 \u00e9 de financiamento coletivo. O PDT declarou despesas de R$ 1,4 milh\u00e3o, sendo R$ 1,3 milh\u00e3o para impress\u00e3o de material de campanha e confec\u00e7\u00e3o de adesivos.<\/p>\n<p>Segundo a Rede, a campanha de Marina Silva recebeu R$ 6,1 milh\u00f5es &#8211; 87% do FEFC &#8211; e gastou pouco mais de R$ 1,8 milh\u00e3o, especialmente na produ\u00e7\u00e3o dos programas do hor\u00e1rio eleitoral.<\/p>\n<p>O candidato Guilherme Boulos (PSOL) arrecadou quase R$ 6 milh\u00f5es &#8211; 99,7% do FEFC &#8211; e gastou R$ 2,4 milh\u00f5es, principalmente com pagamento de servi\u00e7os de advocacia e assessoria, al\u00e9m da produ\u00e7\u00e3o dos programas de r\u00e1dio e televis\u00e3o.<\/p>\n<p>A campanha de Alvaro Dias (Podemos) disse\u00a0ter\u00a0recebido R$ 5,1 milh\u00f5es: 62% do fundo especial. Mais R$ 1,9 milh\u00e3o foi doado por pessoas f\u00edsicas, incluindo o candidato ao Senado na coliga\u00e7\u00e3o de Dias, Oriovisto Guimar\u00e3es, empres\u00e1rio do setor de ensino que destinou R$ 1,7 milh\u00e3o para a campanha presidencial. Dias informou despesas da ordem de R$ 5 milh\u00f5es &#8211; valor aplicado especialmente na produ\u00e7\u00e3o do hor\u00e1rio eleitoral gratuito e nos deslocamentos pelo pa\u00eds.<\/p>\n<h2>Financiamento coletivo<\/h2>\n<p>O candidato Jo\u00e3o Amo\u00eado (Novo) dispensou os recursos p\u00fablicos para a campanha. Amo\u00eado informou ao TSE uma arrecada\u00e7\u00e3o de R$ 1,3 milh\u00e3o de doa\u00e7\u00f5es de pessoas f\u00edsicas e financiamento coletivo, al\u00e9m de despesas de R$ 172.698, especialmente com impress\u00e3o de material. Jos\u00e9 Maria Eymael (DC) declarou\u00a0ter\u00a0recebido R$ 828 mil e gasto R$ 42 mil com servi\u00e7os de contabilidade.<\/p>\n<p>A campanha de Jair Bolsonaro (PSL) informou ao TSE uma arrecada\u00e7\u00e3o de R$ 685.611, sendo R$ 334.044 repassados pelo partido e\u00a0R$ 332.867 de financiamento coletivo. O candidato declarou despesas contratadas em valor superior ao arrecadado at\u00e9 este momento &#8211; R$ 825.683. Uma fatia desse montante destina-se ao pagamento de servi\u00e7os de terceiros (R$ 347.500) e \u00e0 produ\u00e7\u00e3o do programa eleitoral (R$ 240.000).<\/p>\n<p>Os dados dispon\u00edveis no portal do TSE mostram que o candidato Jo\u00e3o Goulart Filho (PPL) arrecadou R$ 431.800 e aplicou R$ 320.380 na campanha eleitoral. A candidata Vera L\u00facia (PSTU) recebeu R$\u00a0401.835 &#8211; 99,5% do fundo especial. At\u00e9 o momento a candidata disse\u00a0ter\u00a0gasto R$ 30.440.<\/p>\n<p><em>Fonte: Ag\u00eancia Brasil<\/em><\/p>\n","protected":false},"excerpt":{"rendered":"<p>Os 13 candidatos \u00e0 Presid\u00eancia da Rep\u00fablica declararam ao Tribunal Superior Eleitoral (TSE)\u00a0ter\u00a0arrecadado R$ 143 milh\u00f5es. Desse montante, R$ 92,7 milh\u00f5es s\u00e3o recursos p\u00fablicos do Fundo Especial de Financiamento da Campanha (FEFC), o que representa 64,8% do total. At\u00e9 o momento, o candidato Cabo Daciolo (Patri) n\u00e3o declarou movimenta\u00e7\u00e3o financeira \u00e0 Justi\u00e7a Eleitoral. Os candidatos [&hellip;]<\/p>\n","protected":false},"author":96,"featured_media":115035,"comment_status":"closed","ping_status":"closed","sticky":false,"template":"","format":"standard","meta":{"footnotes":""},"categories":[436,440,254,439],"tags":[],"class_list":["post-119060","post","type-post","status-publish","format-standard","has-post-thumbnail","hentry","category-destaque-da-semana","category-destaques-do-dia","category-politica","category-ultima-hora"],"_links":{"self":[{"href":"https:\/\/diarioregionaldigital.com.br\/index.php?rest_route=\/wp\/v2\/posts\/119060","targetHints":{"allow":["GET"]}}],"collection":[{"href":"https:\/\/diarioregionaldigital.com.br\/index.php?rest_route=\/wp\/v2\/posts"}],"about":[{"href":"https:\/\/diarioregionaldigital.com.br\/index.php?rest_route=\/wp\/v2\/types\/post"}],"author":[{"embeddable":true,"href":"https:\/\/diarioregionaldigital.com.br\/index.php?rest_route=\/wp\/v2\/users\/96"}],"replies":[{"embeddable":true,"href":"https:\/\/diarioregionaldigital.com.br\/index.php?rest_route=%2Fwp%2Fv2%2Fcomments&post=119060"}],"version-history":[{"count":0,"href":"https:\/\/diarioregionaldigital.com.br\/index.php?rest_route=\/wp\/v2\/posts\/119060\/revisions"}],"wp:featuredmedia":[{"embeddable":true,"href":"https:\/\/diarioregionaldigital.com.br\/index.php?rest_route=\/wp\/v2\/media\/115035"}],"wp:attachment":[{"href":"https:\/\/diarioregionaldigital.com.br\/index.php?rest_route=%2Fwp%2Fv2%2Fmedia&parent=119060"}],"wp:term":[{"taxonomy":"category","embeddable":true,"href":"https:\/\/diarioregionaldigital.com.br\/index.php?rest_route=%2Fwp%2Fv2%2Fcategories&post=119060"},{"taxonomy":"post_tag","embeddable":true,"href":"https:\/\/diarioregionaldigital.com.br\/index.php?rest_route=%2Fwp%2Fv2%2Ftags&post=119060"}],"curies":[{"name":"wp","href":"https:\/\/api.w.org\/{rel}","templated":true}]}}