{"id":119053,"date":"2018-09-11T08:49:02","date_gmt":"2018-09-11T11:49:02","guid":{"rendered":"https:\/\/diarioregionaldigital.com.br\/?p=119053"},"modified":"2018-09-11T08:49:02","modified_gmt":"2018-09-11T11:49:02","slug":"atropelamento-e-registrado-no-bairro-barreira-do-triunfo","status":"publish","type":"post","link":"https:\/\/diarioregionaldigital.com.br\/?p=119053","title":{"rendered":"Atropelamento \u00e9 registrado no bairro Barreira do Triunfo"},"content":{"rendered":"<p>Na noite dessa segunda-feira, 10, um acidente na Avenida Presidente Juscelino Kubitschek foi registrado pela Pol\u00edcia Militar (PM), na altura do bairro Barreira do Triunfo, regi\u00e3o Norte de Juiz de Fora. Uma adolescente, de 16 anos, foi atropelada por um carro que passava pela via, pouco antes das 19h.<\/p>\n<p>De acordo com relato da condutora do ve\u00edculo, de 41 anos, ela dirigia pela avenida quando teve a vis\u00e3o ofuscada pelos far\u00f3is de um caminh\u00e3o que circulava no sentido contr\u00e1rio. Por conta da luz, ela perdeu a dire\u00e7\u00e3o e acabou atropelando a jovem.<\/p>\n<p>A v\u00edtima foi socorrida imediatamente pela pr\u00f3pria motorista. A adolescente sofreu uma contus\u00e3o na m\u00e3o esquerda, mas foi medicada e liberada pela equipe m\u00e9dica.<\/p>\n<p>De acordo com a PM, a m\u00e3e da menina n\u00e3o quis fazer nenhuma queixa contra a motorista. O ve\u00edculo envolvido no acidente foi apreendido porque estava com licenciamento irregular.<\/p>\n<p>&nbsp;<\/p>\n","protected":false},"excerpt":{"rendered":"<p>Na noite dessa segunda-feira, 10, um acidente na Avenida Presidente Juscelino Kubitschek foi registrado pela Pol\u00edcia Militar (PM), na altura do bairro Barreira do Triunfo, regi\u00e3o Norte de Juiz de Fora. Uma adolescente, de 16 anos, foi atropelada por um carro que passava pela via, pouco antes das 19h. De acordo com relato da condutora [&hellip;]<\/p>\n","protected":false},"author":96,"featured_media":95836,"comment_status":"closed","ping_status":"closed","sticky":false,"template":"","format":"standard","meta":{"footnotes":""},"categories":[301],"tags":[],"class_list":["post-119053","post","type-post","status-publish","format-standard","has-post-thumbnail","hentry","category-artigos-policiais"],"_links":{"self":[{"href":"https:\/\/diarioregionaldigital.com.br\/index.php?rest_route=\/wp\/v2\/posts\/119053","targetHints":{"allow":["GET"]}}],"collection":[{"href":"https:\/\/diarioregionaldigital.com.br\/index.php?rest_route=\/wp\/v2\/posts"}],"about":[{"href":"https:\/\/diarioregionaldigital.com.br\/index.php?rest_route=\/wp\/v2\/types\/post"}],"author":[{"embeddable":true,"href":"https:\/\/diarioregionaldigital.com.br\/index.php?rest_route=\/wp\/v2\/users\/96"}],"replies":[{"embeddable":true,"href":"https:\/\/diarioregionaldigital.com.br\/index.php?rest_route=%2Fwp%2Fv2%2Fcomments&post=119053"}],"version-history":[{"count":0,"href":"https:\/\/diarioregionaldigital.com.br\/index.php?rest_route=\/wp\/v2\/posts\/119053\/revisions"}],"wp:featuredmedia":[{"embeddable":true,"href":"https:\/\/diarioregionaldigital.com.br\/index.php?rest_route=\/wp\/v2\/media\/95836"}],"wp:attachment":[{"href":"https:\/\/diarioregionaldigital.com.br\/index.php?rest_route=%2Fwp%2Fv2%2Fmedia&parent=119053"}],"wp:term":[{"taxonomy":"category","embeddable":true,"href":"https:\/\/diarioregionaldigital.com.br\/index.php?rest_route=%2Fwp%2Fv2%2Fcategories&post=119053"},{"taxonomy":"post_tag","embeddable":true,"href":"https:\/\/diarioregionaldigital.com.br\/index.php?rest_route=%2Fwp%2Fv2%2Ftags&post=119053"}],"curies":[{"name":"wp","href":"https:\/\/api.w.org\/{rel}","templated":true}]}}