{"id":119047,"date":"2018-09-11T08:26:00","date_gmt":"2018-09-11T11:26:00","guid":{"rendered":"https:\/\/diarioregionaldigital.com.br\/?p=119047"},"modified":"2018-09-11T08:39:44","modified_gmt":"2018-09-11T11:39:44","slug":"menores-sao-apreendidos-com-drogas-no-bairro-vila-ideal","status":"publish","type":"post","link":"https:\/\/diarioregionaldigital.com.br\/?p=119047","title":{"rendered":"Menores s\u00e3o apreendidos com drogas no bairro Vila Ideal"},"content":{"rendered":"<p>Quatro menores foram apreendidos pela Pol\u00edcia Militar na tarde dessa segunda-feira, 10, no bairro Vila Ideal, zona Sudeste de Juiz de Fora. Os policiais realizavam uma ronda na regi\u00e3o e entraram na Rua Francisco Valadares, onde estavam os adolescentes.<\/p>\n<p>Com o aux\u00edlio de uma das cadelas das Rondas Ostensivas Com C\u00e3es (ROCCA), foram encontrados com os jovens 62 papelotes de coca\u00edna e R$2124 em dinheiro.<\/p>\n<p>Os menores, que possuem idades entre 14 e 17 anos, foram apreendidos e levados para 7\u00aa Delegacia Regional de Pol\u00edcia Civil, no bairro Santa Terezinha, regi\u00e3o Nordeste da cidade.<\/p>\n","protected":false},"excerpt":{"rendered":"<p>Quatro menores foram apreendidos pela Pol\u00edcia Militar na tarde dessa segunda-feira, 10, no bairro Vila Ideal, zona Sudeste de Juiz de Fora. Os policiais realizavam uma ronda na regi\u00e3o e entraram na Rua Francisco Valadares, onde estavam os adolescentes. Com o aux\u00edlio de uma das cadelas das Rondas Ostensivas Com C\u00e3es (ROCCA), foram encontrados com [&hellip;]<\/p>\n","protected":false},"author":96,"featured_media":95836,"comment_status":"closed","ping_status":"closed","sticky":false,"template":"","format":"standard","meta":{"footnotes":""},"categories":[301],"tags":[],"class_list":["post-119047","post","type-post","status-publish","format-standard","has-post-thumbnail","hentry","category-artigos-policiais"],"_links":{"self":[{"href":"https:\/\/diarioregionaldigital.com.br\/index.php?rest_route=\/wp\/v2\/posts\/119047","targetHints":{"allow":["GET"]}}],"collection":[{"href":"https:\/\/diarioregionaldigital.com.br\/index.php?rest_route=\/wp\/v2\/posts"}],"about":[{"href":"https:\/\/diarioregionaldigital.com.br\/index.php?rest_route=\/wp\/v2\/types\/post"}],"author":[{"embeddable":true,"href":"https:\/\/diarioregionaldigital.com.br\/index.php?rest_route=\/wp\/v2\/users\/96"}],"replies":[{"embeddable":true,"href":"https:\/\/diarioregionaldigital.com.br\/index.php?rest_route=%2Fwp%2Fv2%2Fcomments&post=119047"}],"version-history":[{"count":0,"href":"https:\/\/diarioregionaldigital.com.br\/index.php?rest_route=\/wp\/v2\/posts\/119047\/revisions"}],"wp:featuredmedia":[{"embeddable":true,"href":"https:\/\/diarioregionaldigital.com.br\/index.php?rest_route=\/wp\/v2\/media\/95836"}],"wp:attachment":[{"href":"https:\/\/diarioregionaldigital.com.br\/index.php?rest_route=%2Fwp%2Fv2%2Fmedia&parent=119047"}],"wp:term":[{"taxonomy":"category","embeddable":true,"href":"https:\/\/diarioregionaldigital.com.br\/index.php?rest_route=%2Fwp%2Fv2%2Fcategories&post=119047"},{"taxonomy":"post_tag","embeddable":true,"href":"https:\/\/diarioregionaldigital.com.br\/index.php?rest_route=%2Fwp%2Fv2%2Ftags&post=119047"}],"curies":[{"name":"wp","href":"https:\/\/api.w.org\/{rel}","templated":true}]}}